{"id":84687,"date":"2023-02-10T13:49:40","date_gmt":"2023-02-10T13:49:40","guid":{"rendered":"https:\/\/estado29.mx\/?p=84687"},"modified":"2023-02-10T13:49:41","modified_gmt":"2023-02-10T13:49:41","slug":"convoca-sedif-a-sistemas-municipales-dif-y-a-la-poblacion-en-general-a-apoyar-a-damnificados-del-terremoto-en-turquia-y-siria","status":"publish","type":"post","link":"https:\/\/estado29.mx\/?p=84687","title":{"rendered":"Convoca SEDIF a sistemas municipales DIF y a la poblaci\u00f3n en general a apoyar a damnificados del terremoto en Turqu\u00eda y Siria"},"content":{"rendered":"\n<p>*El m\u00f3dulo de acopio de v\u00edveres estar\u00e1 abierto hasta el 21 de febrero<\/p>\n\n\n\n<p>El Sistema Estatal para el Desarrollo de las Familia (Sedif), a trav\u00e9s del Departamento de Asistencia Alimentaria y Nutrici\u00f3n, convoca a los Sistemas Municipales DIF de la entidad y a la poblaci\u00f3n en general a sumarse a la colecta de v\u00edveres y as\u00ed apoyar a las familias damnificadas por el terremoto en Turqu\u00eda y Siria.<\/p>\n\n\n\n<p>Lo anterior, luego de que este fen\u00f3meno natural dejo 69 mil heridos y la \u00faltima actualizaci\u00f3n del gobierno turco sit\u00faa el n\u00famero de fallecidos en 16 mil 546 y el de heridos en 64 mil 194. En Siria, las v\u00edctimas mortales son 3 mil 317, de ellas mil 970 en las zonas del noroeste del pa\u00eds.<\/p>\n\n\n\n<p>Entre los insumos que se recibir\u00e1n est\u00e1n: art\u00edculos de primera necesidad como alimentos no perecederos y enlatados, materiales para limpieza e higiene personal, pa\u00f1ales y toallas sanitarias.<\/p>\n\n\n\n<p>Ropa de invierno para todas las edades, botas, vestidos, pantalones, guantes, bufandas, boinas, calcetines y ropa interior.<\/p>\n\n\n\n<p>Otros materiales como carpas, casas de campa\u00f1a, colchones (para tienda), frazadas, bolsa de dormir, estufa catal\u00edtica y calentador, entre otros.<\/p>\n\n\n\n<p>La ayuda se recibir\u00e1 hasta el 21 de febrero en las instalaciones del Sedif, ubicado en calle Morelos, n\u00famero 4, colonia centro de la capital tlaxcalteca, con un horario de 9:00 a 18:00 horas.<\/p>\n","protected":false},"excerpt":{"rendered":"<p>*El m\u00f3dulo de acopio de v\u00edveres estar\u00e1 abierto hasta el 21 de febrero El Sistema Estatal para el Desarrollo de las Familia (Sedif), a trav\u00e9s del Departamento de Asistencia Alimentaria y Nutrici\u00f3n, convoca a los Sistemas Municipales DIF de la entidad y a la poblaci\u00f3n en general a sumarse a la colecta de v\u00edveres y [&hellip;]<\/p>\n","protected":false},"author":4,"featured_media":84688,"comment_status":"open","ping_status":"open","sticky":false,"template":"","format":"standard","meta":{"om_disable_all_campaigns":false,"_monsterinsights_skip_tracking":false,"_monsterinsights_sitenote_active":false,"_monsterinsights_sitenote_note":"","_monsterinsights_sitenote_category":0,"jnews-multi-image_gallery":[],"jnews_single_post":{"subtitle":"","format":"standard","video":"","gallery":"","source_name":"","source_url":"","via_name":"","via_url":"","override_template":"0","override":[{"template":"1","single_blog_custom":"","parallax":"1","fullscreen":"1","layout":"right-sidebar","sidebar":"default-sidebar","second_sidebar":"default-sidebar","sticky_sidebar":"1","share_position":"top","share_float_style":"share-monocrhome","show_share_counter":"1","show_view_counter":"1","show_featured":"1","show_post_meta":"1","show_post_author":"1","show_post_author_image":"1","show_post_date":"1","post_date_format":"default","post_date_format_custom":"Y\/m\/d","show_post_category":"1","show_post_reading_time":"0","post_reading_time_wpm":"300","show_zoom_button":"0","zoom_button_out_step":"2","zoom_button_in_step":"3","show_post_tag":"1","show_prev_next_post":"1","show_popup_post":"1","number_popup_post":"1","show_author_box":"1","show_post_related":"0","show_inline_post_related":"0"}],"override_image_size":"0","image_override":[{"single_post_thumbnail_size":"crop-500","single_post_gallery_size":"crop-500"}],"trending_post":"0","trending_post_position":"meta","trending_post_label":"Trending","sponsored_post":"0","sponsored_post_label":"Sponsored by","sponsored_post_name":"","sponsored_post_url":"","sponsored_post_logo_enable":"0","sponsored_post_logo":"","sponsored_post_desc":"","disable_ad":"0"},"jnews_primary_category":{"id":""},"footnotes":""},"categories":[43,52],"tags":[959,150,110,121],"class_list":["post-84687","post","type-post","status-publish","format-standard","has-post-thumbnail","hentry","category-estado","category-gobierno-de-tlaxcala","tag-ayuda","tag-gobierno-del-estado","tag-municipios","tag-sedif"],"aioseo_notices":[],"_links":{"self":[{"href":"https:\/\/estado29.mx\/index.php?rest_route=\/wp\/v2\/posts\/84687","targetHints":{"allow":["GET"]}}],"collection":[{"href":"https:\/\/estado29.mx\/index.php?rest_route=\/wp\/v2\/posts"}],"about":[{"href":"https:\/\/estado29.mx\/index.php?rest_route=\/wp\/v2\/types\/post"}],"author":[{"embeddable":true,"href":"https:\/\/estado29.mx\/index.php?rest_route=\/wp\/v2\/users\/4"}],"replies":[{"embeddable":true,"href":"https:\/\/estado29.mx\/index.php?rest_route=%2Fwp%2Fv2%2Fcomments&post=84687"}],"version-history":[{"count":1,"href":"https:\/\/estado29.mx\/index.php?rest_route=\/wp\/v2\/posts\/84687\/revisions"}],"predecessor-version":[{"id":84689,"href":"https:\/\/estado29.mx\/index.php?rest_route=\/wp\/v2\/posts\/84687\/revisions\/84689"}],"wp:featuredmedia":[{"embeddable":true,"href":"https:\/\/estado29.mx\/index.php?rest_route=\/wp\/v2\/media\/84688"}],"wp:attachment":[{"href":"https:\/\/estado29.mx\/index.php?rest_route=%2Fwp%2Fv2%2Fmedia&parent=84687"}],"wp:term":[{"taxonomy":"category","embeddable":true,"href":"https:\/\/estado29.mx\/index.php?rest_route=%2Fwp%2Fv2%2Fcategories&post=84687"},{"taxonomy":"post_tag","embeddable":true,"href":"https:\/\/estado29.mx\/index.php?rest_route=%2Fwp%2Fv2%2Ftags&post=84687"}],"curies":[{"name":"wp","href":"https:\/\/api.w.org\/{rel}","templated":true}]}}