{"id":84857,"date":"2023-02-21T16:23:05","date_gmt":"2023-02-21T16:23:05","guid":{"rendered":"https:\/\/estado29.mx\/?p=84857"},"modified":"2023-02-21T16:23:06","modified_gmt":"2023-02-21T16:23:06","slug":"participa-icatlax-en-presentacion-de-nuevos-titulares-de-la-dgcft-y-dgeti","status":"publish","type":"post","link":"https:\/\/estado29.mx\/?p=84857","title":{"rendered":"Participa ICATLAX en presentaci\u00f3n de nuevos titulares de la DGCFT y DGETI"},"content":{"rendered":"\n<p>*Reconocen a la entidad como referente nacional en materia de capacitaci\u00f3n<\/p>\n\n\n\n<p>El Instituto de Capacitaci\u00f3n para el Trabajo del Estado de Tlaxcala (Icatlax) asisti\u00f3 a la presentaci\u00f3n de los nuevos titulares de la Direcci\u00f3n General de Centros de Formaci\u00f3n para el Trabajo (Dgcft) y de la Direcci\u00f3n General de Educaci\u00f3n Tecnol\u00f3gica Industrial (Dgeti), para respaldar los modelos y planes de aprendizaje a favor de la ense\u00f1anza y capacitaci\u00f3n laboral en el estado.<\/p>\n\n\n\n<p>En el evento protocolario, el titular del Icatlax, Juan Manuel Lemus P\u00e9rez refrend\u00f3 el compromiso de un trabajo en equipo y coordinado para lograr cumplir el compromiso con la poblaci\u00f3n sobre su capacitaci\u00f3n laboral y obtener mejoras en la calidad de vida.<\/p>\n\n\n\n<p>La subsecretaria de Educaci\u00f3n Media Superior, Nora Ruvalcaba G\u00e1mez nombr\u00f3 a Rolando de Jes\u00fas L\u00f3pez Salda\u00f1a como nuevo director general de la Dgeti y a Mario Hern\u00e1ndez como director general de los Dgcft.<\/p>\n\n\n\n<p>Posteriormente, hizo un reconocimiento a la labor que diariamente realizan los institutos de todo el pa\u00eds y los exhort\u00f3 a que contin\u00faen trabajando en conjunto, para que los resultados sean cada vez mayores en beneficio de la ciudadan\u00eda.<\/p>\n\n\n\n<p>En su intervenci\u00f3n de agradecimiento, el director de la Dgeti, L\u00f3pez Salda\u00f1a mencion\u00f3 a Tlaxcala como un referente en materia de capacitaci\u00f3n a nivel nacional, por lo que simb\u00f3licamente mostr\u00f3 su \u201cbast\u00f3n tradicional de mando\u201d que le fue otorgado en su visita al estado el pasado mes de noviembre de 2022.<\/p>\n\n\n\n<p>De la misma forma, agradeci\u00f3 el apoyo de directivos estatales por el trabajo conjunto, pues ha sido fundamental para un verdadero proceso de transformaci\u00f3n y generar nuevas oportunidades de desarrollo; \u201cmi reconocimiento a una instituci\u00f3n con ganas de hacer cosas nuevas y mirar hacia el futuro, son personas visionarias\u201d.<\/p>\n\n\n\n<p>En tanto, Mario Hern\u00e1ndez asegur\u00f3 que se integra para trabajar bajo la misma ruta y perfeccionar los procesos de capacitaci\u00f3n para y en el trabajo.<\/p>\n","protected":false},"excerpt":{"rendered":"<p>*Reconocen a la entidad como referente nacional en materia de capacitaci\u00f3n El Instituto de Capacitaci\u00f3n para el Trabajo del Estado de Tlaxcala (Icatlax) asisti\u00f3 a la presentaci\u00f3n de los nuevos titulares de la Direcci\u00f3n General de Centros de Formaci\u00f3n para el Trabajo (Dgcft) y de la Direcci\u00f3n General de Educaci\u00f3n Tecnol\u00f3gica Industrial (Dgeti), para respaldar [&hellip;]<\/p>\n","protected":false},"author":4,"featured_media":84858,"comment_status":"open","ping_status":"open","sticky":false,"template":"","format":"standard","meta":{"om_disable_all_campaigns":false,"_monsterinsights_skip_tracking":false,"_monsterinsights_sitenote_active":false,"_monsterinsights_sitenote_note":"","_monsterinsights_sitenote_category":0,"jnews-multi-image_gallery":[],"jnews_single_post":{"subtitle":"","format":"standard","video":"","gallery":"","source_name":"","source_url":"","via_name":"","via_url":"","override_template":"0","override":[{"template":"1","single_blog_custom":"","parallax":"1","fullscreen":"1","layout":"right-sidebar","sidebar":"default-sidebar","second_sidebar":"default-sidebar","sticky_sidebar":"1","share_position":"top","share_float_style":"share-monocrhome","show_share_counter":"1","show_view_counter":"1","show_featured":"1","show_post_meta":"1","show_post_author":"1","show_post_author_image":"1","show_post_date":"1","post_date_format":"default","post_date_format_custom":"Y\/m\/d","show_post_category":"1","show_post_reading_time":"0","post_reading_time_wpm":"300","show_zoom_button":"0","zoom_button_out_step":"2","zoom_button_in_step":"3","show_post_tag":"1","show_prev_next_post":"1","show_popup_post":"1","number_popup_post":"1","show_author_box":"1","show_post_related":"0","show_inline_post_related":"0"}],"override_image_size":"0","image_override":[{"single_post_thumbnail_size":"crop-500","single_post_gallery_size":"crop-500"}],"trending_post":"0","trending_post_position":"meta","trending_post_label":"Trending","sponsored_post":"0","sponsored_post_label":"Sponsored by","sponsored_post_name":"","sponsored_post_url":"","sponsored_post_logo_enable":"0","sponsored_post_logo":"","sponsored_post_desc":"","disable_ad":"0"},"jnews_primary_category":{"id":""},"footnotes":""},"categories":[43,52],"tags":[150,110,96],"class_list":["post-84857","post","type-post","status-publish","format-standard","has-post-thumbnail","hentry","category-estado","category-gobierno-de-tlaxcala","tag-gobierno-del-estado","tag-municipios","tag-tlaxcala"],"aioseo_notices":[],"_links":{"self":[{"href":"https:\/\/estado29.mx\/index.php?rest_route=\/wp\/v2\/posts\/84857","targetHints":{"allow":["GET"]}}],"collection":[{"href":"https:\/\/estado29.mx\/index.php?rest_route=\/wp\/v2\/posts"}],"about":[{"href":"https:\/\/estado29.mx\/index.php?rest_route=\/wp\/v2\/types\/post"}],"author":[{"embeddable":true,"href":"https:\/\/estado29.mx\/index.php?rest_route=\/wp\/v2\/users\/4"}],"replies":[{"embeddable":true,"href":"https:\/\/estado29.mx\/index.php?rest_route=%2Fwp%2Fv2%2Fcomments&post=84857"}],"version-history":[{"count":1,"href":"https:\/\/estado29.mx\/index.php?rest_route=\/wp\/v2\/posts\/84857\/revisions"}],"predecessor-version":[{"id":84859,"href":"https:\/\/estado29.mx\/index.php?rest_route=\/wp\/v2\/posts\/84857\/revisions\/84859"}],"wp:featuredmedia":[{"embeddable":true,"href":"https:\/\/estado29.mx\/index.php?rest_route=\/wp\/v2\/media\/84858"}],"wp:attachment":[{"href":"https:\/\/estado29.mx\/index.php?rest_route=%2Fwp%2Fv2%2Fmedia&parent=84857"}],"wp:term":[{"taxonomy":"category","embeddable":true,"href":"https:\/\/estado29.mx\/index.php?rest_route=%2Fwp%2Fv2%2Fcategories&post=84857"},{"taxonomy":"post_tag","embeddable":true,"href":"https:\/\/estado29.mx\/index.php?rest_route=%2Fwp%2Fv2%2Ftags&post=84857"}],"curies":[{"name":"wp","href":"https:\/\/api.w.org\/{rel}","templated":true}]}}