{"id":84922,"date":"2023-03-06T16:55:01","date_gmt":"2023-03-06T16:55:01","guid":{"rendered":"https:\/\/estado29.mx\/?p=84922"},"modified":"2023-03-06T16:55:02","modified_gmt":"2023-03-06T16:55:02","slug":"se-presenta-orquesta-sinfonica-infantil-de-apizaco-en-la-secretaria-de-movilidad-y-transporte","status":"publish","type":"post","link":"https:\/\/estado29.mx\/?p=84922","title":{"rendered":"Se presenta orquesta sinf\u00f3nica infantil de Apizaco en la secretar\u00eda de movilidad y transporte"},"content":{"rendered":"\n<p>*Deleitan a p\u00fablico con melod\u00edas de diversos exponentes cl\u00e1sicos de la m\u00fasica<\/p>\n\n\n\n<p>La Orquesta Sinf\u00f3nica Infantil de Apizaco, perteneciente a la Casa de M\u00fasica del Estado, se present\u00f3 en las instalaciones de la Secretar\u00eda de Movilidad y Transporte (SMyT) donde los servidores p\u00fablicos y sus familias se deleitaron con los ritmos y estilos dirigidos por el maestro Gildardo Moreno Tepicila, a fin de fomentar el gusto por la m\u00fasica orquestal entre las y los tlaxcaltecas.<\/p>\n\n\n\n<p>Este grupo de m\u00fasicos cuenta con dos orquestas, una de nivel medio con 35 integrantes y la otra de nivel inicial de 40 integrantes, en su mayor\u00eda ni\u00f1os de entre 4 y 7 a\u00f1os de edad.<\/p>\n\n\n\n<p>Es una de las siete orquestas infantiles de la entidad, fundada en 1989 por la maestra Rosa Mar\u00eda V\u00e1zquez L\u00f3pez.<\/p>\n\n\n\n<p>Con instrumentos de cuerda, viento y percusi\u00f3n, los peque\u00f1os artistas ejecutaron melod\u00edas como \u201cScene de Ballet\u201d del compositor Robert Bennett Brown del per\u00edodo cl\u00e1sico; Telemann, sinfon\u00eda del compositor alem\u00e1n Georg Philipp Telemann, del per\u00edodo barroco y dos famosos valses de los compositores Johann Strauss y Emil Waldteufel, entre otras.<\/p>\n\n\n\n<p>La SMyT reconoci\u00f3 la participaci\u00f3n de las y los integrantes del grupo musical, as\u00ed como de la directora de la Casa de la M\u00fasica del Estado, Rosa Mar\u00eda V\u00e1zquez L\u00f3pez y de la coordinadora de la Orquesta Sinf\u00f3nica Infantil de Apizaco, Selina Mac\u00edas Mac\u00edas.<\/p>\n","protected":false},"excerpt":{"rendered":"<p>*Deleitan a p\u00fablico con melod\u00edas de diversos exponentes cl\u00e1sicos de la m\u00fasica La Orquesta Sinf\u00f3nica Infantil de Apizaco, perteneciente a la Casa de M\u00fasica del Estado, se present\u00f3 en las instalaciones de la Secretar\u00eda de Movilidad y Transporte (SMyT) donde los servidores p\u00fablicos y sus familias se deleitaron con los ritmos y estilos dirigidos por [&hellip;]<\/p>\n","protected":false},"author":4,"featured_media":84923,"comment_status":"open","ping_status":"open","sticky":false,"template":"","format":"standard","meta":{"om_disable_all_campaigns":false,"_monsterinsights_skip_tracking":false,"_monsterinsights_sitenote_active":false,"_monsterinsights_sitenote_note":"","_monsterinsights_sitenote_category":0,"jnews-multi-image_gallery":[],"jnews_single_post":{"subtitle":"","format":"standard","video":"","gallery":"","source_name":"","source_url":"","via_name":"","via_url":"","override_template":"0","override":[{"template":"1","single_blog_custom":"","parallax":"1","fullscreen":"1","layout":"right-sidebar","sidebar":"default-sidebar","second_sidebar":"default-sidebar","sticky_sidebar":"1","share_position":"top","share_float_style":"share-monocrhome","show_share_counter":"1","show_view_counter":"1","show_featured":"1","show_post_meta":"1","show_post_author":"1","show_post_author_image":"1","show_post_date":"1","post_date_format":"default","post_date_format_custom":"Y\/m\/d","show_post_category":"1","show_post_reading_time":"0","post_reading_time_wpm":"300","show_zoom_button":"0","zoom_button_out_step":"2","zoom_button_in_step":"3","show_post_tag":"1","show_prev_next_post":"1","show_popup_post":"1","number_popup_post":"1","show_author_box":"1","show_post_related":"0","show_inline_post_related":"0"}],"override_image_size":"0","image_override":[{"single_post_thumbnail_size":"crop-500","single_post_gallery_size":"crop-500"}],"trending_post":"0","trending_post_position":"meta","trending_post_label":"Trending","sponsored_post":"0","sponsored_post_label":"Sponsored by","sponsored_post_name":"","sponsored_post_url":"","sponsored_post_logo_enable":"0","sponsored_post_logo":"","sponsored_post_desc":"","disable_ad":"0"},"jnews_primary_category":{"id":""},"footnotes":""},"categories":[82,80,48,43,52,69],"tags":[150,96],"class_list":["post-84922","post","type-post","status-publish","format-standard","has-post-thumbnail","hentry","category-cultura","category-educacion","category-entretenimiento","category-estado","category-gobierno-de-tlaxcala","category-musica","tag-gobierno-del-estado","tag-tlaxcala"],"aioseo_notices":[],"_links":{"self":[{"href":"https:\/\/estado29.mx\/index.php?rest_route=\/wp\/v2\/posts\/84922","targetHints":{"allow":["GET"]}}],"collection":[{"href":"https:\/\/estado29.mx\/index.php?rest_route=\/wp\/v2\/posts"}],"about":[{"href":"https:\/\/estado29.mx\/index.php?rest_route=\/wp\/v2\/types\/post"}],"author":[{"embeddable":true,"href":"https:\/\/estado29.mx\/index.php?rest_route=\/wp\/v2\/users\/4"}],"replies":[{"embeddable":true,"href":"https:\/\/estado29.mx\/index.php?rest_route=%2Fwp%2Fv2%2Fcomments&post=84922"}],"version-history":[{"count":1,"href":"https:\/\/estado29.mx\/index.php?rest_route=\/wp\/v2\/posts\/84922\/revisions"}],"predecessor-version":[{"id":84924,"href":"https:\/\/estado29.mx\/index.php?rest_route=\/wp\/v2\/posts\/84922\/revisions\/84924"}],"wp:featuredmedia":[{"embeddable":true,"href":"https:\/\/estado29.mx\/index.php?rest_route=\/wp\/v2\/media\/84923"}],"wp:attachment":[{"href":"https:\/\/estado29.mx\/index.php?rest_route=%2Fwp%2Fv2%2Fmedia&parent=84922"}],"wp:term":[{"taxonomy":"category","embeddable":true,"href":"https:\/\/estado29.mx\/index.php?rest_route=%2Fwp%2Fv2%2Fcategories&post=84922"},{"taxonomy":"post_tag","embeddable":true,"href":"https:\/\/estado29.mx\/index.php?rest_route=%2Fwp%2Fv2%2Ftags&post=84922"}],"curies":[{"name":"wp","href":"https:\/\/api.w.org\/{rel}","templated":true}]}}