{"id":84952,"date":"2023-03-10T15:33:54","date_gmt":"2023-03-10T15:33:54","guid":{"rendered":"https:\/\/estado29.mx\/?p=84952"},"modified":"2023-03-10T15:33:55","modified_gmt":"2023-03-10T15:33:55","slug":"presentan-autoridades-denuncias-por-danos-al-centro-historico-de-tlaxcala","status":"publish","type":"post","link":"https:\/\/estado29.mx\/?p=84952","title":{"rendered":"Presentan autoridades denuncias por da\u00f1os al centro hist\u00f3rico de Tlaxcala"},"content":{"rendered":"\n<p>*El gobierno del estado, el ayuntamiento y el Centro INAH iniciaron los procedimientos legales ante la PGJE y FGR<\/p>\n\n\n\n<p>Las autoridades de los tres \u00f3rdenes de gobierno presentaron denuncias ante la Procuradur\u00eda General de Justicia del Estado (PGJE) y la Fiscal\u00eda General de la Rep\u00fablica (FGR), por los da\u00f1os ocasionados en el Centro Hist\u00f3rico de Tlaxcala durante las manifestaciones en conmemoraci\u00f3n del D\u00eda Internacional de la Mujer.<\/p>\n\n\n\n<p>Tras realizar un recorrido para evaluar los da\u00f1os en Palacio de Gobierno, la Plaza de la Constituci\u00f3n, as\u00ed como en el mobiliario urbano y algunos monumentos del parque central, el secretario de Gobierno, Sergio Gonz\u00e1lez Hern\u00e1ndez subray\u00f3 que la administraci\u00f3n que encabeza la gobernadora Lorena Cu\u00e9llar Cisneros garantiz\u00f3 el derecho a la libre manifestaci\u00f3n.<\/p>\n\n\n\n<p>\u201cEl gobierno del estado volvi\u00f3 a mostrar su apertura, lo que informamos sobre garantizar la libre manifestaci\u00f3n y expresi\u00f3n, los derechos humanos y la seguridad de las personas asistentes as\u00ed se hizo, se cumpli\u00f3 y fue con base en los protocolos que asumi\u00f3 la Polic\u00eda Estatal y esto nos da como resultado que no hay ning\u00fan hecho que lamentar\u201d, afirm\u00f3.<\/p>\n\n\n\n<p>Sin embargo, expuso que los actos vand\u00e1licos y radicales generados por un grupo minoritario de hombres y mujeres ya fueron denunciados ante las autoridades correspondientes.<\/p>\n\n\n\n<p>\u201cDesde anoche trabajaron los ministerios p\u00fablicos de la PGJE para hacer el recuento de los da\u00f1os y levantar la denuncia correspondiente\u201d, sostuvo.<\/p>\n\n\n\n<p>As\u00ed tambi\u00e9n, el director del Centro INAH Tlaxcala, Jos\u00e9 Vicente de la Rosa revel\u00f3 que una vez que los especialistas concluyan el dictamen de los perjuicios causados al patrimonio, iniciar\u00e1n el procedimiento legal para fincar responsabilidades.<\/p>\n\n\n\n<p>\u201cEstamos en el proceso de interponer la denuncia ante la FGR contra quien resulte responsable por las afectaciones, procederemos con todo el inventario, el recuento de da\u00f1os que ya levantamos, es una medida fundamental que hace el INAH para proteger el patrimonio\u201d, enfatiz\u00f3.<\/p>\n\n\n\n<p>Previamente, el titular de la Secretar\u00eda de Infraestructura (SI), Alfonso S\u00e1nchez Garc\u00eda dio a conocer algunos de los da\u00f1os materiales registrados hasta el momento, entre los que se encuentran cristales y canceler\u00eda rota de los balcones de Palacio de Gobierno, afectaciones a las molduras del inmueble, as\u00ed como salpicaduras de pintura en la fachada.<\/p>\n\n\n\n<p>Tambi\u00e9n hubo pintas en el piso, las fuentes y el quiosco, el cual fue incendiado; las tapas de registro, aspersores del sistema de riego, seis l\u00e1mparas solares, as\u00ed como el \u00f3nix que decoraba las letras de madera de Tlaxcala fueron arrancadas, adem\u00e1s rompieron 64 bombillas de los faroles.<\/p>\n\n\n\n<p>Por consiguiente, S\u00e1nchez Garc\u00eda indic\u00f3 que en conjunto con el ayuntamiento capitalino y el INAH Tlaxcala, iniciar\u00e1n con los trabajos para resarcir las afectaciones, asimismo continuar\u00e1n con las obras de rehabilitaci\u00f3n de las \u00e1reas verdes.<\/p>\n\n\n\n<p>Al recorrido asisti\u00f3 el secretario de Seguridad, Ram\u00f3n Celaya Gamboa; el director de Servicios P\u00fablicos del municipio de Tlaxcala, Mart\u00edn Rodr\u00edguez Lima y la jefa del Departamento de Tr\u00e1mites y Servicios Legales del Centro INAH Tlaxcala, Patricia B\u00e1ez Portillo.<\/p>\n","protected":false},"excerpt":{"rendered":"<p>*El gobierno del estado, el ayuntamiento y el Centro INAH iniciaron los procedimientos legales ante la PGJE y FGR Las autoridades de los tres \u00f3rdenes de gobierno presentaron denuncias ante la Procuradur\u00eda General de Justicia del Estado (PGJE) y la Fiscal\u00eda General de la Rep\u00fablica (FGR), por los da\u00f1os ocasionados en el Centro Hist\u00f3rico de [&hellip;]<\/p>\n","protected":false},"author":4,"featured_media":84953,"comment_status":"open","ping_status":"open","sticky":false,"template":"","format":"standard","meta":{"om_disable_all_campaigns":false,"_monsterinsights_skip_tracking":false,"_monsterinsights_sitenote_active":false,"_monsterinsights_sitenote_note":"","_monsterinsights_sitenote_category":0,"jnews-multi-image_gallery":[],"jnews_single_post":{"subtitle":"","format":"standard","video":"","gallery":"","source_name":"","source_url":"","via_name":"","via_url":"","override_template":"0","override":[{"template":"1","single_blog_custom":"","parallax":"1","fullscreen":"1","layout":"right-sidebar","sidebar":"default-sidebar","second_sidebar":"default-sidebar","sticky_sidebar":"1","share_position":"top","share_float_style":"share-monocrhome","show_share_counter":"1","show_view_counter":"1","show_featured":"1","show_post_meta":"1","show_post_author":"1","show_post_author_image":"1","show_post_date":"1","post_date_format":"default","post_date_format_custom":"Y\/m\/d","show_post_category":"1","show_post_reading_time":"0","post_reading_time_wpm":"300","show_zoom_button":"0","zoom_button_out_step":"2","zoom_button_in_step":"3","show_post_tag":"1","show_prev_next_post":"1","show_popup_post":"1","number_popup_post":"1","show_author_box":"1","show_post_related":"0","show_inline_post_related":"0"}],"override_image_size":"0","image_override":[{"single_post_thumbnail_size":"crop-500","single_post_gallery_size":"crop-500"}],"trending_post":"0","trending_post_position":"meta","trending_post_label":"Trending","sponsored_post":"0","sponsored_post_label":"Sponsored by","sponsored_post_name":"","sponsored_post_url":"","sponsored_post_logo_enable":"0","sponsored_post_logo":"","sponsored_post_desc":"","disable_ad":"0"},"jnews_primary_category":{"id":""},"footnotes":""},"categories":[43,52],"tags":[150,110,96],"class_list":["post-84952","post","type-post","status-publish","format-standard","has-post-thumbnail","hentry","category-estado","category-gobierno-de-tlaxcala","tag-gobierno-del-estado","tag-municipios","tag-tlaxcala"],"aioseo_notices":[],"_links":{"self":[{"href":"https:\/\/estado29.mx\/index.php?rest_route=\/wp\/v2\/posts\/84952","targetHints":{"allow":["GET"]}}],"collection":[{"href":"https:\/\/estado29.mx\/index.php?rest_route=\/wp\/v2\/posts"}],"about":[{"href":"https:\/\/estado29.mx\/index.php?rest_route=\/wp\/v2\/types\/post"}],"author":[{"embeddable":true,"href":"https:\/\/estado29.mx\/index.php?rest_route=\/wp\/v2\/users\/4"}],"replies":[{"embeddable":true,"href":"https:\/\/estado29.mx\/index.php?rest_route=%2Fwp%2Fv2%2Fcomments&post=84952"}],"version-history":[{"count":1,"href":"https:\/\/estado29.mx\/index.php?rest_route=\/wp\/v2\/posts\/84952\/revisions"}],"predecessor-version":[{"id":84954,"href":"https:\/\/estado29.mx\/index.php?rest_route=\/wp\/v2\/posts\/84952\/revisions\/84954"}],"wp:featuredmedia":[{"embeddable":true,"href":"https:\/\/estado29.mx\/index.php?rest_route=\/wp\/v2\/media\/84953"}],"wp:attachment":[{"href":"https:\/\/estado29.mx\/index.php?rest_route=%2Fwp%2Fv2%2Fmedia&parent=84952"}],"wp:term":[{"taxonomy":"category","embeddable":true,"href":"https:\/\/estado29.mx\/index.php?rest_route=%2Fwp%2Fv2%2Fcategories&post=84952"},{"taxonomy":"post_tag","embeddable":true,"href":"https:\/\/estado29.mx\/index.php?rest_route=%2Fwp%2Fv2%2Ftags&post=84952"}],"curies":[{"name":"wp","href":"https:\/\/api.w.org\/{rel}","templated":true}]}}