{"id":84958,"date":"2023-03-10T15:38:31","date_gmt":"2023-03-10T15:38:31","guid":{"rendered":"https:\/\/estado29.mx\/?p=84958"},"modified":"2023-03-10T15:38:33","modified_gmt":"2023-03-10T15:38:33","slug":"presenta-ine-segunda-controversia-constitucional-en-contra-de-la-reforma-electoral","status":"publish","type":"post","link":"https:\/\/estado29.mx\/?p=84958","title":{"rendered":"<strong>Presenta INE segunda Controversia Constitucional en contra de la reforma electoral<\/strong><strong><\/strong>"},"content":{"rendered":"\n<ul class=\"wp-block-list\"><li><strong><em>Solicita se otorgue una suspensi\u00f3n mientras se pronuncia sobre el fondo de las controversias <\/em><\/strong><strong><em><\/em><\/strong><\/li><\/ul>\n\n\n\n<p>El Instituto Nacional Electoral (INE) present\u00f3 ante la Suprema Corte de Justicia de la Naci\u00f3n (SCJN) una segunda demanda de Controversia Constitucional en contra del Decreto por el que se reforman la Ley General de Instituciones y Procedimientos Electorales, la Ley General de Partidos Pol\u00edticos, la Ley Org\u00e1nica del Poder Judicial de la Federaci\u00f3n y la expedici\u00f3n de la Ley General de los Medios de Impugnaci\u00f3n en Materia Electoral publicadas en el Diario Oficial de la Federaci\u00f3n el pasado 2 de marzo de &nbsp;2022.<\/p>\n\n\n\n<p>Mediante la Controversia Constitucional el Instituto defiende no solo su autonom\u00eda sino el Estado democr\u00e1tico establecido en la Norma Suprema, ante el c\u00famulo de violaciones constitucionales detectadas en aproximadamente 200 art\u00edculos de la reforma que vulneran 25 disposiciones constitucionales.<\/p>\n\n\n\n<p>El recurso interpuesto este d\u00eda se suma a la Controversia Constitucional presentada por el INE el pasado mi\u00e9rcoles 1 de febrero, en contra del Decreto por el que se reforman, adicionan y derogan diversas disposiciones de la Ley General de Comunicaci\u00f3n Social y de la Ley General de Responsabilidades Administrativas, publicado en el Diario Oficial de la Federaci\u00f3n el 27 de diciembre de 2022.<\/p>\n\n\n\n<p>En la demanda presentada hoy, se solicita al m\u00e1ximo tribunal del pa\u00eds que otorgue una suspensi\u00f3n y, en tanto se pronuncia sobre el fondo de las controversias, se interrumpa la aplicaci\u00f3n de la reforma y, por lo tanto, de sus efectos, de manera particular por lo que hace a la afectaci\u00f3n a los derechos fundamentales de quienes integran el Instituto Nacional Electoral y a los derechos pol\u00edticos de la ciudadan\u00eda.<\/p>\n\n\n\n<p>La Controversia Constitucional que present\u00f3 el INE est\u00e1 articulada en cuatro ejes fundamentales.<\/p>\n\n\n\n<p>En primer lugar, la violaci\u00f3n al debido proceso legislativo por parte del Congreso de la Uni\u00f3n. El Instituto somete a consideraci\u00f3n de la Suprema Corte de Justicia de la Naci\u00f3n diversas violaciones graves al procedimiento legislativo que, en franco fraude a la ley, impactaron en la calidad democr\u00e1tica de la reforma, pues dio tr\u00e1mite urgente a una iniciativa que por disposici\u00f3n legal no pod\u00eda ser sometida al mismo, no respet\u00f3 el principio de publicidad, ni mucho menos el deliberativo que rige al \u00f3rgano legislativo, impidiendo la participaci\u00f3n de todas las fuerzas pol\u00edticas con representaci\u00f3n parlamentaria.<\/p>\n\n\n\n<p>En segundo t\u00e9rmino, la vulneraci\u00f3n a la autonom\u00eda e independencia del Instituto por parte de los poderes Legislativo y Ejecutivo. El INE demanda la invalidez de gran parte de la reforma, derivado de las violaciones constitucionales que afectan su autonom\u00eda, independencia, as\u00ed como la invasi\u00f3n a su esfera competencial.<\/p>\n\n\n\n<p>En tercer sitio, la vulneraci\u00f3n a las condiciones de equidad y de otros principios que deben regir las contiendas electorales, ya que esta reforma contiene cambios que afectan la certeza en los procedimientos que conforman el proceso electoral en sus diversas etapas.<\/p>\n\n\n\n<p>Finalmente, la afectaci\u00f3n inconstitucional de los derechos laborales del personal del INE que provoca dicha reforma. En este recurso, se hacen valer una serie de agravios por el desmantelamiento de la estructura org\u00e1nica y la afectaci\u00f3n a los derechos laborales de todo el personal del Instituto, as\u00ed como la eliminaci\u00f3n de aproximadamente el 85% de las plazas del Servicio Profesional Electoral.<\/p>\n\n\n\n<p>El Instituto tiene plena confianza en que con el an\u00e1lisis constitucional que realizar\u00e1 la Suprema Corte de Justicia de la Naci\u00f3n se restaurar\u00e1 el orden constitucional, al determinar la invalidez de la reforma.<\/p>\n","protected":false},"excerpt":{"rendered":"<p>Solicita se otorgue una suspensi\u00f3n mientras se pronuncia sobre el fondo de las controversias El Instituto Nacional Electoral (INE) present\u00f3 ante la Suprema Corte de Justicia de la Naci\u00f3n (SCJN) una segunda demanda de Controversia Constitucional en contra del Decreto por el que se reforman la Ley General de Instituciones y Procedimientos Electorales, la Ley [&hellip;]<\/p>\n","protected":false},"author":4,"featured_media":84959,"comment_status":"open","ping_status":"open","sticky":false,"template":"","format":"standard","meta":{"om_disable_all_campaigns":false,"_monsterinsights_skip_tracking":false,"_monsterinsights_sitenote_active":false,"_monsterinsights_sitenote_note":"","_monsterinsights_sitenote_category":0,"jnews-multi-image_gallery":[],"jnews_single_post":{"subtitle":"","format":"standard","video":"","gallery":"","source_name":"","source_url":"","via_name":"","via_url":"","override_template":"0","override":[{"template":"1","single_blog_custom":"","parallax":"1","fullscreen":"1","layout":"right-sidebar","sidebar":"default-sidebar","second_sidebar":"default-sidebar","sticky_sidebar":"1","share_position":"top","share_float_style":"share-monocrhome","show_share_counter":"1","show_view_counter":"1","show_featured":"1","show_post_meta":"1","show_post_author":"1","show_post_author_image":"1","show_post_date":"1","post_date_format":"default","post_date_format_custom":"Y\/m\/d","show_post_category":"1","show_post_reading_time":"0","post_reading_time_wpm":"300","show_zoom_button":"0","zoom_button_out_step":"2","zoom_button_in_step":"3","show_post_tag":"1","show_prev_next_post":"1","show_popup_post":"1","number_popup_post":"1","show_author_box":"1","show_post_related":"0","show_inline_post_related":"0"}],"override_image_size":"0","image_override":[{"single_post_thumbnail_size":"crop-500","single_post_gallery_size":"crop-500"}],"trending_post":"0","trending_post_position":"meta","trending_post_label":"Trending","sponsored_post":"0","sponsored_post_label":"Sponsored by","sponsored_post_name":"","sponsored_post_url":"","sponsored_post_logo_enable":"0","sponsored_post_logo":"","sponsored_post_desc":"","disable_ad":"0"},"jnews_primary_category":{"id":""},"footnotes":""},"categories":[43,47],"tags":[88,363],"class_list":["post-84958","post","type-post","status-publish","format-standard","has-post-thumbnail","hentry","category-estado","category-municipios","tag-ine","tag-scjn"],"aioseo_notices":[],"_links":{"self":[{"href":"https:\/\/estado29.mx\/index.php?rest_route=\/wp\/v2\/posts\/84958","targetHints":{"allow":["GET"]}}],"collection":[{"href":"https:\/\/estado29.mx\/index.php?rest_route=\/wp\/v2\/posts"}],"about":[{"href":"https:\/\/estado29.mx\/index.php?rest_route=\/wp\/v2\/types\/post"}],"author":[{"embeddable":true,"href":"https:\/\/estado29.mx\/index.php?rest_route=\/wp\/v2\/users\/4"}],"replies":[{"embeddable":true,"href":"https:\/\/estado29.mx\/index.php?rest_route=%2Fwp%2Fv2%2Fcomments&post=84958"}],"version-history":[{"count":1,"href":"https:\/\/estado29.mx\/index.php?rest_route=\/wp\/v2\/posts\/84958\/revisions"}],"predecessor-version":[{"id":84960,"href":"https:\/\/estado29.mx\/index.php?rest_route=\/wp\/v2\/posts\/84958\/revisions\/84960"}],"wp:featuredmedia":[{"embeddable":true,"href":"https:\/\/estado29.mx\/index.php?rest_route=\/wp\/v2\/media\/84959"}],"wp:attachment":[{"href":"https:\/\/estado29.mx\/index.php?rest_route=%2Fwp%2Fv2%2Fmedia&parent=84958"}],"wp:term":[{"taxonomy":"category","embeddable":true,"href":"https:\/\/estado29.mx\/index.php?rest_route=%2Fwp%2Fv2%2Fcategories&post=84958"},{"taxonomy":"post_tag","embeddable":true,"href":"https:\/\/estado29.mx\/index.php?rest_route=%2Fwp%2Fv2%2Ftags&post=84958"}],"curies":[{"name":"wp","href":"https:\/\/api.w.org\/{rel}","templated":true}]}}