{"id":84961,"date":"2023-03-10T15:39:39","date_gmt":"2023-03-10T15:39:39","guid":{"rendered":"https:\/\/estado29.mx\/?p=84961"},"modified":"2023-03-10T15:39:41","modified_gmt":"2023-03-10T15:39:41","slug":"en-un-hecho-historico-se-suspende-sesion-ordinaria-en-el-congreso-del-estado","status":"publish","type":"post","link":"https:\/\/estado29.mx\/?p=84961","title":{"rendered":"En un hecho hist\u00f3rico, se suspende sesi\u00f3n ordinaria en el Congreso del Estado"},"content":{"rendered":"\n<p><em>\u2022\u00a0<\/em>No se logr\u00f3 integrar el qu\u00f3rum legal de mayor\u00eda simple<em>\u00a0debido a que las diputadas, se sumaron al Paro Nacional Un D\u00eda sin Mujeres.<\/em><\/p>\n\n\n\n<p>Tlaxcala, Tlax., a 09 de marzo de 2023&nbsp;<\/p>\n\n\n\n<p>En un hecho sin precedente, no se logr\u00f3 integrar el qu\u00f3rum legal de mayor\u00eda simple, necesario para instalar la sesi\u00f3n ordinaria del Pleno de esta Legislatura Local, convocada para celebrarse hoy jueves 9 de marzo, conforme a lo previsto en los art\u00edculos 92 fracci\u00f3n I y 103 del Reglamento Interior del Congreso del Estado.<\/p>\n\n\n\n<p>Esta Legislatura Estatal se integra por trece diputadas y doce diputados, en acatamiento estricto al principio de paridad de g\u00e9nero establecido en la Constituci\u00f3n Pol\u00edtica de los Estados Unidos Mexicanos.<\/p>\n\n\n\n<p>Por lo anterior destaca el hecho de que la ausencia de las legisladoras, integrantes de los grupos parlamentarios y representantes de los partidos pol\u00edticos en este Congreso estatal, imposibilit\u00f3 el funcionamiento del \u00f3rgano superior de este Poder P\u00fablico, lo que muestra la relevancia que tiene la participaci\u00f3n de las mujeres en el desempe\u00f1o del quehacer legislativo del Estado de Tlaxcala, siendo un fen\u00f3meno que se replica en las dem\u00e1s entidades federativas y en el Congreso de la Uni\u00f3n.<\/p>\n\n\n\n<p>La manifiesta imposibilidad de legislar sin mujeres en este Congreso Estatal, simboliza tambi\u00e9n la circunstancia de no poder concebirse, actualmente y para el futuro, el funcionamiento de las instituciones sin la participaci\u00f3n, activa y decidida, de las mujeres.<\/p>\n\n\n\n<p>El presidente de la Mesa Directiva, el diputado Bladimir Zainos Flores, conmin\u00f3 a que \u00e9ste sea un momento de reflexi\u00f3n en torno a la importancia de la contribuci\u00f3n de las mujeres, en todos los \u00e1mbitos de la vida social, y a la necesidad de que todos seamos part\u00edcipes del proceso de reivindicaci\u00f3n para el ejercicio pleno de sus derechos, en un contexto de paridad, reconocimiento,&nbsp;&nbsp;respeto&nbsp;&nbsp;y sin violencia, todo ello en el marco de la reciente conmemoraci\u00f3n del D\u00eda Internacional de la Mujer.<\/p>\n\n\n\n<p>El legislador comprometido con la causa de las mujeres, reconoci\u00f3 el hecho de que las diputadas se solidarizan por las mujeres que hoy nos faltan en M\u00e9xico \u201c<em>por las que no pudieron decidir, las desaparecidas, las que no fueron escuchadas, por las que jam\u00e1s llegaron a casa, por las que les arrebataron&nbsp;la inocencia la fe y la esperanza, por las que quedaron a mitad de la lucha, por las que creyeron y fueron traicionadas, a las que les debemos algo m\u00e1s que Leyes, pues es el respeto a sus causas y a su vida y hoy los compa\u00f1eros diputados nos unimos a la misma<\/em>\u201d, concluy\u00f3.<\/p>\n","protected":false},"excerpt":{"rendered":"<p>\u2022\u00a0No se logr\u00f3 integrar el qu\u00f3rum legal de mayor\u00eda simple\u00a0debido a que las diputadas, se sumaron al Paro Nacional Un D\u00eda sin Mujeres. Tlaxcala, Tlax., a 09 de marzo de 2023&nbsp; En un hecho sin precedente, no se logr\u00f3 integrar el qu\u00f3rum legal de mayor\u00eda simple, necesario para instalar la sesi\u00f3n ordinaria del Pleno de [&hellip;]<\/p>\n","protected":false},"author":4,"featured_media":84962,"comment_status":"open","ping_status":"open","sticky":false,"template":"","format":"standard","meta":{"om_disable_all_campaigns":false,"_monsterinsights_skip_tracking":false,"_monsterinsights_sitenote_active":false,"_monsterinsights_sitenote_note":"","_monsterinsights_sitenote_category":0,"jnews-multi-image_gallery":[],"jnews_single_post":{"subtitle":"","format":"standard","video":"","gallery":"","source_name":"","source_url":"","via_name":"","via_url":"","override_template":"0","override":[{"template":"1","single_blog_custom":"","parallax":"1","fullscreen":"1","layout":"right-sidebar","sidebar":"default-sidebar","second_sidebar":"default-sidebar","sticky_sidebar":"1","share_position":"top","share_float_style":"share-monocrhome","show_share_counter":"1","show_view_counter":"1","show_featured":"1","show_post_meta":"1","show_post_author":"1","show_post_author_image":"1","show_post_date":"1","post_date_format":"default","post_date_format_custom":"Y\/m\/d","show_post_category":"1","show_post_reading_time":"0","post_reading_time_wpm":"300","show_zoom_button":"0","zoom_button_out_step":"2","zoom_button_in_step":"3","show_post_tag":"1","show_prev_next_post":"1","show_popup_post":"1","number_popup_post":"1","show_author_box":"1","show_post_related":"0","show_inline_post_related":"0"}],"override_image_size":"0","image_override":[{"single_post_thumbnail_size":"crop-500","single_post_gallery_size":"crop-500"}],"trending_post":"0","trending_post_position":"meta","trending_post_label":"Trending","sponsored_post":"0","sponsored_post_label":"Sponsored by","sponsored_post_name":"","sponsored_post_url":"","sponsored_post_logo_enable":"0","sponsored_post_logo":"","sponsored_post_desc":"","disable_ad":"0"},"jnews_primary_category":{"id":""},"footnotes":""},"categories":[53,43],"tags":[180,96],"class_list":["post-84961","post","type-post","status-publish","format-standard","has-post-thumbnail","hentry","category-congreso","category-estado","tag-congreso-del-estado","tag-tlaxcala"],"aioseo_notices":[],"_links":{"self":[{"href":"https:\/\/estado29.mx\/index.php?rest_route=\/wp\/v2\/posts\/84961","targetHints":{"allow":["GET"]}}],"collection":[{"href":"https:\/\/estado29.mx\/index.php?rest_route=\/wp\/v2\/posts"}],"about":[{"href":"https:\/\/estado29.mx\/index.php?rest_route=\/wp\/v2\/types\/post"}],"author":[{"embeddable":true,"href":"https:\/\/estado29.mx\/index.php?rest_route=\/wp\/v2\/users\/4"}],"replies":[{"embeddable":true,"href":"https:\/\/estado29.mx\/index.php?rest_route=%2Fwp%2Fv2%2Fcomments&post=84961"}],"version-history":[{"count":1,"href":"https:\/\/estado29.mx\/index.php?rest_route=\/wp\/v2\/posts\/84961\/revisions"}],"predecessor-version":[{"id":84963,"href":"https:\/\/estado29.mx\/index.php?rest_route=\/wp\/v2\/posts\/84961\/revisions\/84963"}],"wp:featuredmedia":[{"embeddable":true,"href":"https:\/\/estado29.mx\/index.php?rest_route=\/wp\/v2\/media\/84962"}],"wp:attachment":[{"href":"https:\/\/estado29.mx\/index.php?rest_route=%2Fwp%2Fv2%2Fmedia&parent=84961"}],"wp:term":[{"taxonomy":"category","embeddable":true,"href":"https:\/\/estado29.mx\/index.php?rest_route=%2Fwp%2Fv2%2Fcategories&post=84961"},{"taxonomy":"post_tag","embeddable":true,"href":"https:\/\/estado29.mx\/index.php?rest_route=%2Fwp%2Fv2%2Ftags&post=84961"}],"curies":[{"name":"wp","href":"https:\/\/api.w.org\/{rel}","templated":true}]}}