{"id":85007,"date":"2023-03-14T16:28:38","date_gmt":"2023-03-14T16:28:38","guid":{"rendered":"https:\/\/estado29.mx\/?p=85007"},"modified":"2023-03-14T16:28:40","modified_gmt":"2023-03-14T16:28:40","slug":"el-ensamble-escenico-vocal-busca-nuevas-voces-una-soprano-dos-tenores-y-un-bajo","status":"publish","type":"post","link":"https:\/\/estado29.mx\/?p=85007","title":{"rendered":"El Ensamble Esc\u00e9nico Vocal busca nuevas voces: una soprano, dos tenores y un bajo"},"content":{"rendered":"\n<p><\/p>\n\n\n\n<p>\u00b7&nbsp;&nbsp;&nbsp;&nbsp;&nbsp;&nbsp;&nbsp;&nbsp;&nbsp;<strong>En la convocatoria, pueden participar j\u00f3venes cantantes (mujeres y hombres) de 18 a 27 a\u00f1os de edad cumplidos al d\u00eda del cierre de este proceso: 19 de abril de 2023<\/strong><\/p>\n\n\n\n<p>\u00b7&nbsp;&nbsp;&nbsp;&nbsp;&nbsp;&nbsp;&nbsp;&nbsp;&nbsp;<strong>El proceso de selecci\u00f3n consta de tres pruebas: voz, expresi\u00f3n corporal y conocimientos te\u00f3ricos<\/strong><\/p>\n\n\n\n<p>El Sistema Nacional de Fomento Musical (SNFM), instituci\u00f3n de la Secretar\u00eda de Cultura del Gobierno de M\u00e9xico, abre la convocatoria para invitar a las y los j\u00f3venes cantantes a integrarse al trabajo art\u00edstico e interdisciplinario de una de sus agrupaciones art\u00edsticas: Ensamble Esc\u00e9nico Vocal, el cual cumplir\u00e1 13 a\u00f1os de trabajo, el pr\u00f3ximo mes de abril.<\/p>\n\n\n\n<p>Se trata de la convocatoria p\u00fablica 2023 referente al Programa de est\u00edmulos a la creaci\u00f3n art\u00edstica, reconocimientos a las trayectorias y apoyo al desarrollo de proyectos culturales en la vertiente Ensamble Esc\u00e9nico Vocal, adscrito al Sistema de Apoyos a la Creaci\u00f3n y a Proyectos Culturales, cuyo proceso consta de tres pruebas: voz, expresi\u00f3n corporal y conocimientos te\u00f3ricos.<\/p>\n\n\n\n<p>Los lugares y las tesituras vocales que se encuentran vacantes son cuatro, una soprano, dos tenores y un cantante bajo. Podr\u00e1n participar las y los cantantes j\u00f3venes nacidos en M\u00e9xico o extranjeros con residencia comprobable en el pa\u00eds, de 18 a 27 a\u00f1os de edad, cumplidos al 19 de abril de 2023, fecha de cierre de todo este proceso de selecci\u00f3n, el cual inicia con el registro y carga de documentos en el siguiente enlace en l\u00ednea&nbsp;<a href=\"https:\/\/forms.gle\/C87v5E6A8SDvA7vS7\" target=\"_blank\" rel=\"noreferrer noopener\">https:\/\/forms.gle\/C87v5E6A8SDvA7vS7<\/a>&nbsp;que permanece abierto desde el 6 de marzo hasta el martes 4 de abril de este a\u00f1o, a las 16:00 horas (tiempo del centro del pa\u00eds).<\/p>\n\n\n\n<p>Cabe se\u00f1alar que los procedimientos de la presente convocatoria fueron dise\u00f1ados para realizarse de manera h\u00edbrida; la primera parte del proceso se realizar\u00e1 a distancia y la final se efectuar\u00e1 de forma presencial, con la finalidad de ampliar el rango de alcance, manteniendo los criterios de equidad y accesibilidad para todas las personas interesadas en dicho proceso, como marcan los ejes de trabajo de la Secretar\u00eda de Cultura del Gobierno de M\u00e9xico.<\/p>\n\n\n\n<p>Asimismo, se informa que las y los concursantes deben comprobar cinco a\u00f1os de experiencia en la especialidad vocal mediante constancias de estudios de instituciones educativas, agrupaciones comunitarias o bien, de profesores particulares (constancias de estudio, certificado, boletas o programas de mano en los que se les mencione).<\/p>\n\n\n\n<p>Los documentos requeridos para inscribirse al proceso son: copia del acta de nacimiento, en el caso de las y los extranjeros, documento migratorio expedido por el Instituto Nacional de Migraci\u00f3n de la Secretar\u00eda de Gobernaci\u00f3n; anverso y reverso de identificaci\u00f3n oficial vigente con fotograf\u00eda (credencial de elector, c\u00e9dula profesional y\/o la p\u00e1gina de datos personales de su pasaporte), c\u00e9dula de la Clave \u00danica de Registro de Poblaci\u00f3n (CURP), comprobante de domicilio (recibo de tel\u00e9fono, agua, televisi\u00f3n de paga o similares, con un m\u00e1ximo de dos meses de antig\u00fcedad).<\/p>\n\n\n\n<p>Para quienes cumplieron satisfactoriamente la primera fase de selecci\u00f3n \u201cFase administrativa\u201d, la Comisi\u00f3n de Selecci\u00f3n del EEV -integrada por un cuerpo colegiado-, efectuar\u00e1 una revisi\u00f3n t\u00e9cnica de la documentaci\u00f3n -curr\u00edculum que respalde la trayectoria de la o el postulante; la trayectoria acad\u00e9mica y musical; as\u00ed como el desempe\u00f1o de las y los postulantes en el caso de que ya hayan sido beneficiarios de este programa- para otorgar a las y los participantes un n\u00famero de folio con el cual se identificar\u00e1n en la segunda fase \u201cPrueba de voz\u201d.<\/p>\n\n\n\n<p>Para esta prueba, cada postulante deber\u00e1 videograbar dos piezas de su elecci\u00f3n cantadas&nbsp;<em>a cappella<\/em>, con pianista acompa\u00f1ante o bien con pista, una obra que se inscriba en el periodo barroco o anterior con poco o nulo vibrato y un aria de \u00f3pera que muestre su extensi\u00f3n vocal con vibrato regular. Este video puede ser grabado con cualquier dispositivo (c\u00e1mara profesional, c\u00e1mara fotogr\u00e1fica que permita video, tel\u00e9fono celular, tableta u otro dispositivo), deber\u00e1 subirse a la plataforma entre el 11 y 14 de abril de 2023, en el siguiente enlace&nbsp;<a href=\"https:\/\/forms.gle\/d6gmaCriZcR9eamx5\" target=\"_blank\" rel=\"noreferrer noopener\">https:\/\/forms.gle\/d6gmaCriZcR9eamx5<\/a><\/p>\n\n\n\n<p>El 16 de abril se realizar\u00e1n las pruebas de expresi\u00f3n corporal y conocimientos te\u00f3ricos de forma presencial \u00fanicamente a aquellas personas que hayan obtenido una calificaci\u00f3n aprobatoria en la \u201cPrueba de Voz\u201d.<\/p>\n\n\n\n<p>Las fechas que las y los concursantes no deben olvidar son las siguientes:<\/p>\n\n\n\n<ul class=\"wp-block-list\"><li>4 abril de 2023, cierre de registro de candidaturas en l\u00ednea<\/li><li>Del 11 al 14 de abril se recibir\u00e1 la prueba de voz;<\/li><li>16 de abril se efectuar\u00e1n de forma presencial&nbsp;la prueba de expresi\u00f3n corporal y la evaluaci\u00f3n de conocimientos te\u00f3ricos;<\/li><li>19 de abril cierre de todo el proceso;<\/li><li>24 de abril publicaci\u00f3n de resultados.<\/li><\/ul>\n\n\n\n<p>Para obtener m\u00e1s informaci\u00f3n o aclarar dudas, comunicarse al tel\u00e9fono 55 4155 0200 ext. 7232, o enviar un correo electr\u00f3nico a:&nbsp;<a><\/a><a href=\"mailto:convocatoriaeev.2022@gmail.com\" target=\"_blank\" rel=\"noreferrer noopener\">convocatoriaeev.2022@gmail.com<\/a>.&nbsp;&nbsp;&nbsp;Las bases generales se pueden consultar en la p\u00e1gina&nbsp;<em>web<\/em>&nbsp;del Sistema Nacional de Fomento Musical:&nbsp;<a href=\"https:\/\/snfm.cultura.gob.mx\/convocatorias\/\" target=\"_blank\" rel=\"noreferrer noopener\">https:\/\/snfm.cultura.gob.mx\/convocatorias\/<\/a>&nbsp; y cultura.gob.mx\/convocatorias<\/p>\n","protected":false},"excerpt":{"rendered":"<p>\u00b7&nbsp;&nbsp;&nbsp;&nbsp;&nbsp;&nbsp;&nbsp;&nbsp;&nbsp;En la convocatoria, pueden participar j\u00f3venes cantantes (mujeres y hombres) de 18 a 27 a\u00f1os de edad cumplidos al d\u00eda del cierre de este proceso: 19 de abril de 2023 \u00b7&nbsp;&nbsp;&nbsp;&nbsp;&nbsp;&nbsp;&nbsp;&nbsp;&nbsp;El proceso de selecci\u00f3n consta de tres pruebas: voz, expresi\u00f3n corporal y conocimientos te\u00f3ricos El Sistema Nacional de Fomento Musical (SNFM), instituci\u00f3n de la Secretar\u00eda [&hellip;]<\/p>\n","protected":false},"author":4,"featured_media":85008,"comment_status":"open","ping_status":"open","sticky":false,"template":"","format":"standard","meta":{"om_disable_all_campaigns":false,"_monsterinsights_skip_tracking":false,"_monsterinsights_sitenote_active":false,"_monsterinsights_sitenote_note":"","_monsterinsights_sitenote_category":0,"jnews-multi-image_gallery":[],"jnews_single_post":{"subtitle":"","format":"standard","video":"","gallery":"","source_name":"","source_url":"","via_name":"","via_url":"","override_template":"0","override":[{"template":"1","single_blog_custom":"","parallax":"1","fullscreen":"1","layout":"right-sidebar","sidebar":"default-sidebar","second_sidebar":"default-sidebar","sticky_sidebar":"1","share_position":"top","share_float_style":"share-monocrhome","show_share_counter":"1","show_view_counter":"1","show_featured":"1","show_post_meta":"1","show_post_author":"1","show_post_author_image":"1","show_post_date":"1","post_date_format":"default","post_date_format_custom":"Y\/m\/d","show_post_category":"1","show_post_reading_time":"0","post_reading_time_wpm":"300","show_zoom_button":"0","zoom_button_out_step":"2","zoom_button_in_step":"3","show_post_tag":"1","show_prev_next_post":"1","show_popup_post":"1","number_popup_post":"1","show_author_box":"1","show_post_related":"0","show_inline_post_related":"0"}],"override_image_size":"0","image_override":[{"single_post_thumbnail_size":"crop-500","single_post_gallery_size":"crop-500"}],"trending_post":"0","trending_post_position":"meta","trending_post_label":"Trending","sponsored_post":"0","sponsored_post_label":"Sponsored by","sponsored_post_name":"","sponsored_post_url":"","sponsored_post_logo_enable":"0","sponsored_post_logo":"","sponsored_post_desc":"","disable_ad":"0"},"jnews_primary_category":{"id":""},"footnotes":""},"categories":[82,43],"tags":[],"class_list":["post-85007","post","type-post","status-publish","format-standard","has-post-thumbnail","hentry","category-cultura","category-estado"],"aioseo_notices":[],"_links":{"self":[{"href":"https:\/\/estado29.mx\/index.php?rest_route=\/wp\/v2\/posts\/85007","targetHints":{"allow":["GET"]}}],"collection":[{"href":"https:\/\/estado29.mx\/index.php?rest_route=\/wp\/v2\/posts"}],"about":[{"href":"https:\/\/estado29.mx\/index.php?rest_route=\/wp\/v2\/types\/post"}],"author":[{"embeddable":true,"href":"https:\/\/estado29.mx\/index.php?rest_route=\/wp\/v2\/users\/4"}],"replies":[{"embeddable":true,"href":"https:\/\/estado29.mx\/index.php?rest_route=%2Fwp%2Fv2%2Fcomments&post=85007"}],"version-history":[{"count":1,"href":"https:\/\/estado29.mx\/index.php?rest_route=\/wp\/v2\/posts\/85007\/revisions"}],"predecessor-version":[{"id":85009,"href":"https:\/\/estado29.mx\/index.php?rest_route=\/wp\/v2\/posts\/85007\/revisions\/85009"}],"wp:featuredmedia":[{"embeddable":true,"href":"https:\/\/estado29.mx\/index.php?rest_route=\/wp\/v2\/media\/85008"}],"wp:attachment":[{"href":"https:\/\/estado29.mx\/index.php?rest_route=%2Fwp%2Fv2%2Fmedia&parent=85007"}],"wp:term":[{"taxonomy":"category","embeddable":true,"href":"https:\/\/estado29.mx\/index.php?rest_route=%2Fwp%2Fv2%2Fcategories&post=85007"},{"taxonomy":"post_tag","embeddable":true,"href":"https:\/\/estado29.mx\/index.php?rest_route=%2Fwp%2Fv2%2Ftags&post=85007"}],"curies":[{"name":"wp","href":"https:\/\/api.w.org\/{rel}","templated":true}]}}