{"id":85027,"date":"2023-03-21T18:37:08","date_gmt":"2023-03-21T18:37:08","guid":{"rendered":"https:\/\/estado29.mx\/?p=85027"},"modified":"2023-03-21T18:37:12","modified_gmt":"2023-03-21T18:37:12","slug":"imparten-en-tequexquitla-diversos-talleres-en-beneficio-de-jovenes-y-ninos","status":"publish","type":"post","link":"https:\/\/estado29.mx\/?p=85027","title":{"rendered":"Imparten en Tequexquitla diversos talleres en beneficio de j\u00f3venes y ni\u00f1os."},"content":{"rendered":"\n<p>Fabiola Camacho Mart\u00ednez, Coordinadora de Cultura en el Municipio de El Carmen Tequexquitla, a trav\u00e9s de este espacio informativo hace la invitaci\u00f3n a ni\u00f1os y j\u00f3venes del lugar, para que se sumen a los diversos talleres que se imparten por medio de esta \u00e1rea.<br>Camacho Mart\u00ednez, refiri\u00f3 que los talleres que actualmente se imparten son, guitarra, cartoner\u00eda, manualidades, pintura, ajedrez y zumba \u201cdentro de una de las actividades que tenemos en casa de cultura, es impartir talleres, estos talleres son impartidos en horario de la tarde, con los talleres que contamos es guitarra, cartoner\u00eda, pintura, manualidades, zumba y ajedrez\u201d.<\/p>\n\n\n\n<p>Asimismo, la Directora de Cultura resalt\u00f3 que la inscripci\u00f3n a dichas actividades no tiene costo alguno \u201ctodos estos talleres son impartidos de forma gratuita, los horarios son de tres a cinco de la tarde\u201d.<\/p>\n\n\n\n<p><br>De igual modo, dijo que los requisitos de inscripci\u00f3n son: copia de CURP, copia de INE del padre o tutor y un n\u00famero telef\u00f3nico \u201cpara que podamos inscribir a un ni\u00f1o, necesitamos la copia de CURP, copia de INE del tutor y un n\u00famero telef\u00f3nico, para tener contacto con sus padres\u201d.<br>\u201cestos talleres van encaminados b\u00e1sicamente a lo que es ni\u00f1os y j\u00f3venes, pero tambi\u00e9n podemos recibir a las mam\u00e1s y a algunas personas adultas que se quieran sumar a este proyecto\u201d.<\/p>\n\n\n\n<p><br>Finalmente, Camacho Mart\u00ednez hizo la invitaci\u00f3n a ni\u00f1ez y juventud del municipio a sumarse a este tipo de proyectos y descubrir su talento \u201chacerle la invitaci\u00f3n a nuestros ni\u00f1os y j\u00f3venes a que se sumen a este proyecto, en realidad que es una forma de sacar nuestros talentos que tenemos quiz\u00e1s ocultos y asistiendo a nuestros talleres vamos sacando nuestro talento\u201d.<\/p>\n","protected":false},"excerpt":{"rendered":"<p>Fabiola Camacho Mart\u00ednez, Coordinadora de Cultura en el Municipio de El Carmen Tequexquitla, a trav\u00e9s de este espacio informativo hace la invitaci\u00f3n a ni\u00f1os y j\u00f3venes del lugar, para que se sumen a los diversos talleres que se imparten por medio de esta \u00e1rea.Camacho Mart\u00ednez, refiri\u00f3 que los talleres que actualmente se imparten son, guitarra, [&hellip;]<\/p>\n","protected":false},"author":4,"featured_media":85028,"comment_status":"open","ping_status":"open","sticky":false,"template":"","format":"standard","meta":{"om_disable_all_campaigns":false,"_monsterinsights_skip_tracking":false,"_monsterinsights_sitenote_active":false,"_monsterinsights_sitenote_note":"","_monsterinsights_sitenote_category":0,"jnews-multi-image_gallery":[],"jnews_single_post":{"subtitle":"","format":"standard","video":"","gallery":"","source_name":"","source_url":"","via_name":"","via_url":"","override_template":"0","override":[{"template":"1","single_blog_custom":"","parallax":"1","fullscreen":"1","layout":"right-sidebar","sidebar":"default-sidebar","second_sidebar":"default-sidebar","sticky_sidebar":"1","share_position":"top","share_float_style":"share-monocrhome","show_share_counter":"1","show_view_counter":"1","show_featured":"1","show_post_meta":"1","show_post_author":"1","show_post_author_image":"1","show_post_date":"1","post_date_format":"default","post_date_format_custom":"Y\/m\/d","show_post_category":"1","show_post_reading_time":"0","post_reading_time_wpm":"300","show_zoom_button":"0","zoom_button_out_step":"2","zoom_button_in_step":"3","show_post_tag":"1","show_prev_next_post":"1","show_popup_post":"1","number_popup_post":"1","show_author_box":"1","show_post_related":"0","show_inline_post_related":"0"}],"override_image_size":"0","image_override":[{"single_post_thumbnail_size":"crop-500","single_post_gallery_size":"crop-500"}],"trending_post":"0","trending_post_position":"meta","trending_post_label":"Trending","sponsored_post":"0","sponsored_post_label":"Sponsored by","sponsored_post_name":"","sponsored_post_url":"","sponsored_post_logo_enable":"0","sponsored_post_logo":"","sponsored_post_desc":"","disable_ad":"0"},"jnews_primary_category":{"id":""},"footnotes":""},"categories":[82,43],"tags":[185,110,676],"class_list":["post-85027","post","type-post","status-publish","format-standard","has-post-thumbnail","hentry","category-cultura","category-estado","tag-cultura","tag-municipios","tag-tequexquitla"],"aioseo_notices":[],"_links":{"self":[{"href":"https:\/\/estado29.mx\/index.php?rest_route=\/wp\/v2\/posts\/85027","targetHints":{"allow":["GET"]}}],"collection":[{"href":"https:\/\/estado29.mx\/index.php?rest_route=\/wp\/v2\/posts"}],"about":[{"href":"https:\/\/estado29.mx\/index.php?rest_route=\/wp\/v2\/types\/post"}],"author":[{"embeddable":true,"href":"https:\/\/estado29.mx\/index.php?rest_route=\/wp\/v2\/users\/4"}],"replies":[{"embeddable":true,"href":"https:\/\/estado29.mx\/index.php?rest_route=%2Fwp%2Fv2%2Fcomments&post=85027"}],"version-history":[{"count":1,"href":"https:\/\/estado29.mx\/index.php?rest_route=\/wp\/v2\/posts\/85027\/revisions"}],"predecessor-version":[{"id":85029,"href":"https:\/\/estado29.mx\/index.php?rest_route=\/wp\/v2\/posts\/85027\/revisions\/85029"}],"wp:featuredmedia":[{"embeddable":true,"href":"https:\/\/estado29.mx\/index.php?rest_route=\/wp\/v2\/media\/85028"}],"wp:attachment":[{"href":"https:\/\/estado29.mx\/index.php?rest_route=%2Fwp%2Fv2%2Fmedia&parent=85027"}],"wp:term":[{"taxonomy":"category","embeddable":true,"href":"https:\/\/estado29.mx\/index.php?rest_route=%2Fwp%2Fv2%2Fcategories&post=85027"},{"taxonomy":"post_tag","embeddable":true,"href":"https:\/\/estado29.mx\/index.php?rest_route=%2Fwp%2Fv2%2Ftags&post=85027"}],"curies":[{"name":"wp","href":"https:\/\/api.w.org\/{rel}","templated":true}]}}