{"id":85033,"date":"2023-03-21T18:40:45","date_gmt":"2023-03-21T18:40:45","guid":{"rendered":"https:\/\/estado29.mx\/?p=85033"},"modified":"2023-03-21T18:40:46","modified_gmt":"2023-03-21T18:40:46","slug":"entregaran-trabajos-de-obra-publica-en-atltzayanca","status":"publish","type":"post","link":"https:\/\/estado29.mx\/?p=85033","title":{"rendered":"Entregar\u00e1n trabajos de obra p\u00fablica en Atltzayanca."},"content":{"rendered":"\n<p><br>El presidente municipal de Atltzayanca, Gustavo Parada Matamoros, en entrevista para Estado 29 y Radio Huamantla, refiri\u00f3 que este a\u00f1o se tiene prevista la aplicaci\u00f3n de obra p\u00fablica, de forma equitativa entre las 21 comunidades que integran el lugar.<\/p>\n\n\n\n<p><br>En este sentido, el alcalde dijo que ya se han tenido acercamientos con la Gobernadora de Estado para solicitar apoyo para poder aplicar obra p\u00fablica en diversos puntos del municipio, as\u00ed mismo, que en pr\u00f3ximos d\u00edas har\u00e1n entrega de por lo menos 15 obras que ya han sido concluidas \u201ceste a\u00f1o creo que va a estar muy bien, ya tuvimos un primer acercamiento, con la gobernadora y estamos participando en un esquema donde ella nos va a ayudar con un recurso y nosotros vamos a invertir otro recurso y eso genera m\u00e1s obra, podemos atender m\u00e1s a las comunidades\u201d.<\/p>\n\n\n\n<p><br>Parada Matamoros, enfatiz\u00f3 que este a\u00f1o la ejecuci\u00f3n de obra publica, ser\u00e1 aplicada de forma equitativa en las comunidades, pues anteriormente solo se realizaba en un solo lugar \u201ccomentarle que en todas las comunidades tenemos obra, el tiempo que llevamos que es un a\u00f1o y medio, en todas las comunidades tenemos acciones, eso es muy bueno, porque en otros momentos, mandaban el recurso a un solo lugar y desproteg\u00edamos otra zona, ahora no, es equitativo, en base a la necesidad de desarrollo y a lo que tengamos que hacer, pero que todos participen, que a todos nos toque, poco pero para todos\u201d.<\/p>\n\n\n\n<p><br>Finalmente, dijo que el poder generar obras en el municipio le genera satisfacci\u00f3n, pues su administraci\u00f3n busca brindar mejores condiciones a los habitantes del lugar \u201cafortunadamente, contamos con ese respaldo y pudimos hacer muchas acciones, todav\u00eda en unos d\u00edas vamos a hacer entrega de obras del 2022 y hablamos de unas 15 o 20 obras que vamos a entregar y recorrer para que la gente sepa qu\u00e9 estamos haciendo\u201d.<\/p>\n","protected":false},"excerpt":{"rendered":"<p>El presidente municipal de Atltzayanca, Gustavo Parada Matamoros, en entrevista para Estado 29 y Radio Huamantla, refiri\u00f3 que este a\u00f1o se tiene prevista la aplicaci\u00f3n de obra p\u00fablica, de forma equitativa entre las 21 comunidades que integran el lugar. En este sentido, el alcalde dijo que ya se han tenido acercamientos con la Gobernadora de [&hellip;]<\/p>\n","protected":false},"author":4,"featured_media":85034,"comment_status":"open","ping_status":"open","sticky":false,"template":"","format":"standard","meta":{"om_disable_all_campaigns":false,"_monsterinsights_skip_tracking":false,"_monsterinsights_sitenote_active":false,"_monsterinsights_sitenote_note":"","_monsterinsights_sitenote_category":0,"jnews-multi-image_gallery":[],"jnews_single_post":{"subtitle":"","format":"standard","video":"","gallery":"","source_name":"","source_url":"","via_name":"","via_url":"","override_template":"0","override":[{"template":"1","single_blog_custom":"","parallax":"1","fullscreen":"1","layout":"right-sidebar","sidebar":"default-sidebar","second_sidebar":"default-sidebar","sticky_sidebar":"1","share_position":"top","share_float_style":"share-monocrhome","show_share_counter":"1","show_view_counter":"1","show_featured":"1","show_post_meta":"1","show_post_author":"1","show_post_author_image":"1","show_post_date":"1","post_date_format":"default","post_date_format_custom":"Y\/m\/d","show_post_category":"1","show_post_reading_time":"0","post_reading_time_wpm":"300","show_zoom_button":"0","zoom_button_out_step":"2","zoom_button_in_step":"3","show_post_tag":"1","show_prev_next_post":"1","show_popup_post":"1","number_popup_post":"1","show_author_box":"1","show_post_related":"0","show_inline_post_related":"0"}],"override_image_size":"0","image_override":[{"single_post_thumbnail_size":"crop-500","single_post_gallery_size":"crop-500"}],"trending_post":"0","trending_post_position":"meta","trending_post_label":"Trending","sponsored_post":"0","sponsored_post_label":"Sponsored by","sponsored_post_name":"","sponsored_post_url":"","sponsored_post_logo_enable":"0","sponsored_post_logo":"","sponsored_post_desc":"","disable_ad":"0"},"jnews_primary_category":{"id":""},"footnotes":""},"categories":[43],"tags":[970,150,110,96],"class_list":["post-85033","post","type-post","status-publish","format-standard","has-post-thumbnail","hentry","category-estado","tag-altzayanca","tag-gobierno-del-estado","tag-municipios","tag-tlaxcala"],"aioseo_notices":[],"_links":{"self":[{"href":"https:\/\/estado29.mx\/index.php?rest_route=\/wp\/v2\/posts\/85033","targetHints":{"allow":["GET"]}}],"collection":[{"href":"https:\/\/estado29.mx\/index.php?rest_route=\/wp\/v2\/posts"}],"about":[{"href":"https:\/\/estado29.mx\/index.php?rest_route=\/wp\/v2\/types\/post"}],"author":[{"embeddable":true,"href":"https:\/\/estado29.mx\/index.php?rest_route=\/wp\/v2\/users\/4"}],"replies":[{"embeddable":true,"href":"https:\/\/estado29.mx\/index.php?rest_route=%2Fwp%2Fv2%2Fcomments&post=85033"}],"version-history":[{"count":1,"href":"https:\/\/estado29.mx\/index.php?rest_route=\/wp\/v2\/posts\/85033\/revisions"}],"predecessor-version":[{"id":85035,"href":"https:\/\/estado29.mx\/index.php?rest_route=\/wp\/v2\/posts\/85033\/revisions\/85035"}],"wp:featuredmedia":[{"embeddable":true,"href":"https:\/\/estado29.mx\/index.php?rest_route=\/wp\/v2\/media\/85034"}],"wp:attachment":[{"href":"https:\/\/estado29.mx\/index.php?rest_route=%2Fwp%2Fv2%2Fmedia&parent=85033"}],"wp:term":[{"taxonomy":"category","embeddable":true,"href":"https:\/\/estado29.mx\/index.php?rest_route=%2Fwp%2Fv2%2Fcategories&post=85033"},{"taxonomy":"post_tag","embeddable":true,"href":"https:\/\/estado29.mx\/index.php?rest_route=%2Fwp%2Fv2%2Ftags&post=85033"}],"curies":[{"name":"wp","href":"https:\/\/api.w.org\/{rel}","templated":true}]}}