{"id":85066,"date":"2023-03-22T14:19:29","date_gmt":"2023-03-22T14:19:29","guid":{"rendered":"https:\/\/estado29.mx\/?p=85066"},"modified":"2023-03-22T14:19:31","modified_gmt":"2023-03-22T14:19:31","slug":"con-diferentes-actividades-artisticas-y-culturales-realizan-este-fin-de-semana-la-fiesta-anual-de-la-comunidad-barrio-de-san-jose","status":"publish","type":"post","link":"https:\/\/estado29.mx\/?p=85066","title":{"rendered":"Con diferentes actividades art\u00edsticas y culturales realizan este fin de semana la fiesta anual de la Comunidad barrio de San Jos\u00e9"},"content":{"rendered":"\n<p>ManuelRojas &#8211; La Presidencia de Comunidad del barrio de San Jos\u00e9, Municipio de Huamantla, que representa Mart\u00edn Garc\u00eda Caballero, llev\u00f3 a cabo con \u00e9xito diferentes actividades art\u00edsticas y culturales en el marco de la fiesta anual en honor al santo patr\u00f3n San Jos\u00e9.<\/p>\n\n\n\n<p>Las autoridad comunitaria realiz\u00f3 la tradicional coronaci\u00f3n de la reina de las festividades, por lo que en esta ocasi\u00f3n fue elegida la se\u00f1ora Reina Luna Castro, representante de los adultos mayores. Antes, diversos contingentes escolares del CBtis 61 y de la secundaria Mois\u00e9s Saenz, as\u00ed como Zanqueros, y representantes de las comunidades de San Sebasti\u00e1n y Santa Anita, participar\u00f3n en el tradicional desfile por las principales calles de esta comunidad.<\/p>\n\n\n\n<p>De igual forma se realiz\u00f3 el gran baile en donde se present\u00f3 el grupo &#8220;Los Terricolas&#8221;, as\u00ed como la presentaci\u00f3n de &#8220;La Sonora Dinamita&#8221; y la agrupaci\u00f3n &#8220;Inombrable Norte\u00f1o&#8221;, quienes interpretaron todos sus \u00e9xitos causando gran alegr\u00eda en los asistentes.<\/p>\n\n\n\n<p>Durante este evento, Mart\u00edn Garc\u00eda Caballero subi\u00f3 al escenario y agradeci\u00f3 la participaci\u00f3n de las y los vecinos del barrio de San Jos\u00e9, ya que dijo, sin su colaboraci\u00f3n no hubiera sido posible la fiesta de la comunidad.<\/p>\n\n\n\n<p>As\u00ed mismo el Presidente de Comunidad y su equipo de trabajo reiteraron su agradecimiento a las familias de San Jos\u00e9, reafirmando su compromiso para construir un mejor barrio para todos&#8221;.<\/p>\n\n\n\n<p>Cabe destacar que la Presidencia de Comunidad organizo diferentes actividades art\u00edsticas y culturales durante los d\u00edas 17, 18 y 19 de marzo, para que las familias de este lugar y visitantes conozcan la trascendencia de esta festividad.<\/p>\n\n\n\n<p>Entre los eventos, destac\u00f3 la participaci\u00f3n de los estudiantes y docentes de la Secundaria Mois\u00e9s Saenz, quienes presentaron grupos de zanqueros, el grupo de poes\u00eda coral a cargo de la maestra<br>Ruperta P\u00e9rez Peralta, as\u00ed como las alumnas Mirian y Rousmary Javet quienes cantaron para los asistentes.<\/p>\n\n\n\n<p>Tambi\u00e9n se presentaron la maestra Ruperta P\u00e9rez Peralta con lectura de poes\u00edas de su creaci\u00f3n; el maestro Jose Quiroz Mart\u00ednez canto diferentes temas musicales, y el maestro Mario Mora Xochihua qui\u00e9n con la trompeta deleit\u00f3 a los asistentes a este evento.<\/p>\n\n\n\n<p>Durante la fiesta de San Jos\u00e9, fue relevante la participaci\u00f3n de la Asociaci\u00f3n Juvenil Sue\u00f1os de Comedia, con un programa musical que present\u00f3 a la cantante Amanda, y al artista urbano &#8220;Prozak el Roto&#8221;, quienes promovieron el &#8220;Tapaton&#8221; para ayudar a personas con c\u00e1ncer, a trav\u00e9s del proyecto Corazonadas de Amor Contra la Leucemia.<\/p>\n\n\n\n<p>Tambi\u00e9n particip\u00f3 la Asociaci\u00f3n Cultural Piedra de Sol con el D\u00e9cimo Festival del Mu\u00e9gano, llevando a cabo la Exposici\u00f3n itinerante: &#8220;Instantes de Huamantla&#8221;, y el Taller de Libro Mu\u00e9gano, as\u00ed como una Muestra de Poes\u00eda y Mu\u00e9gano Literario.<\/p>\n\n\n\n<p>Una de las actividades que se realiz\u00f3 para los ni\u00f1os adolescentes j\u00f3venes y adultos, fue el taller de Ludoarte, a cargo de la maestra Catalina Hern\u00e1ndez Salazar, qui\u00e9n expreso que en una \u00e9poca como la actual en la que los hechos de violencia se han convertido en una constante, el arte ayuda a moderar la conducta de las personas a trav\u00e9s de actividades creativas, logrando el expresionismo abstracto.<\/p>\n\n\n\n<p>Uno de los eventos que m\u00e1s p\u00fablico reuni\u00f3, fue la funci\u00f3n de lucha libre que se realiz\u00f3 en la explanada de la Presidencia de Comunidad, d\u00f3nde gladiadores demostraron su destreza acrob\u00e1tica y deleitando a chicos y grandes.<\/p>\n","protected":false},"excerpt":{"rendered":"<p>ManuelRojas &#8211; La Presidencia de Comunidad del barrio de San Jos\u00e9, Municipio de Huamantla, que representa Mart\u00edn Garc\u00eda Caballero, llev\u00f3 a cabo con \u00e9xito diferentes actividades art\u00edsticas y culturales en el marco de la fiesta anual en honor al santo patr\u00f3n San Jos\u00e9. Las autoridad comunitaria realiz\u00f3 la tradicional coronaci\u00f3n de la reina de las [&hellip;]<\/p>\n","protected":false},"author":4,"featured_media":85067,"comment_status":"open","ping_status":"open","sticky":false,"template":"","format":"standard","meta":{"om_disable_all_campaigns":false,"_monsterinsights_skip_tracking":false,"_monsterinsights_sitenote_active":false,"_monsterinsights_sitenote_note":"","_monsterinsights_sitenote_category":0,"jnews-multi-image_gallery":[],"jnews_single_post":{"subtitle":"","format":"standard","video":"","gallery":"","source_name":"","source_url":"","via_name":"","via_url":"","override_template":"0","override":[{"template":"1","single_blog_custom":"","parallax":"1","fullscreen":"1","layout":"right-sidebar","sidebar":"default-sidebar","second_sidebar":"default-sidebar","sticky_sidebar":"1","share_position":"top","share_float_style":"share-monocrhome","show_share_counter":"1","show_view_counter":"1","show_featured":"1","show_post_meta":"1","show_post_author":"1","show_post_author_image":"1","show_post_date":"1","post_date_format":"default","post_date_format_custom":"Y\/m\/d","show_post_category":"1","show_post_reading_time":"0","post_reading_time_wpm":"300","show_zoom_button":"0","zoom_button_out_step":"2","zoom_button_in_step":"3","show_post_tag":"1","show_prev_next_post":"1","show_popup_post":"1","number_popup_post":"1","show_author_box":"1","show_post_related":"0","show_inline_post_related":"0"}],"override_image_size":"0","image_override":[{"single_post_thumbnail_size":"crop-500","single_post_gallery_size":"crop-500"}],"trending_post":"0","trending_post_position":"meta","trending_post_label":"Trending","sponsored_post":"0","sponsored_post_label":"Sponsored by","sponsored_post_name":"","sponsored_post_url":"","sponsored_post_logo_enable":"0","sponsored_post_logo":"","sponsored_post_desc":"","disable_ad":"0"},"jnews_primary_category":{"id":""},"footnotes":""},"categories":[1],"tags":[],"class_list":["post-85066","post","type-post","status-publish","format-standard","has-post-thumbnail","hentry","category-uncategorized"],"aioseo_notices":[],"_links":{"self":[{"href":"https:\/\/estado29.mx\/index.php?rest_route=\/wp\/v2\/posts\/85066","targetHints":{"allow":["GET"]}}],"collection":[{"href":"https:\/\/estado29.mx\/index.php?rest_route=\/wp\/v2\/posts"}],"about":[{"href":"https:\/\/estado29.mx\/index.php?rest_route=\/wp\/v2\/types\/post"}],"author":[{"embeddable":true,"href":"https:\/\/estado29.mx\/index.php?rest_route=\/wp\/v2\/users\/4"}],"replies":[{"embeddable":true,"href":"https:\/\/estado29.mx\/index.php?rest_route=%2Fwp%2Fv2%2Fcomments&post=85066"}],"version-history":[{"count":1,"href":"https:\/\/estado29.mx\/index.php?rest_route=\/wp\/v2\/posts\/85066\/revisions"}],"predecessor-version":[{"id":85068,"href":"https:\/\/estado29.mx\/index.php?rest_route=\/wp\/v2\/posts\/85066\/revisions\/85068"}],"wp:featuredmedia":[{"embeddable":true,"href":"https:\/\/estado29.mx\/index.php?rest_route=\/wp\/v2\/media\/85067"}],"wp:attachment":[{"href":"https:\/\/estado29.mx\/index.php?rest_route=%2Fwp%2Fv2%2Fmedia&parent=85066"}],"wp:term":[{"taxonomy":"category","embeddable":true,"href":"https:\/\/estado29.mx\/index.php?rest_route=%2Fwp%2Fv2%2Fcategories&post=85066"},{"taxonomy":"post_tag","embeddable":true,"href":"https:\/\/estado29.mx\/index.php?rest_route=%2Fwp%2Fv2%2Ftags&post=85066"}],"curies":[{"name":"wp","href":"https:\/\/api.w.org\/{rel}","templated":true}]}}