{"id":85085,"date":"2023-03-22T23:53:16","date_gmt":"2023-03-22T23:53:16","guid":{"rendered":"https:\/\/estado29.mx\/?p=85085"},"modified":"2023-03-22T23:56:04","modified_gmt":"2023-03-22T23:56:04","slug":"escasez-de-lluvias-en-atltzayanca-provoco-desabasto-de-agua-potable-hasta-de-un-40-por-ciento","status":"publish","type":"post","link":"https:\/\/estado29.mx\/?p=85085","title":{"rendered":"Escasez de lluvias en Atltzayanca provoc\u00f3 desabasto de agua potable hasta de un 40 por ciento."},"content":{"rendered":"\n<figure class=\"wp-block-image size-large\"><img loading=\"lazy\" decoding=\"async\" width=\"1024\" height=\"768\" src=\"https:\/\/estado29.mx\/wp-content\/uploads\/2023\/03\/IMG_20230315_094223-min-1024x768.jpg\" alt=\"\" class=\"wp-image-85088\" srcset=\"https:\/\/estado29.mx\/wp-content\/uploads\/2023\/03\/IMG_20230315_094223-min-1024x768.jpg 1024w, https:\/\/estado29.mx\/wp-content\/uploads\/2023\/03\/IMG_20230315_094223-min-300x225.jpg 300w, https:\/\/estado29.mx\/wp-content\/uploads\/2023\/03\/IMG_20230315_094223-min-768x576.jpg 768w, https:\/\/estado29.mx\/wp-content\/uploads\/2023\/03\/IMG_20230315_094223-min-1536x1152.jpg 1536w, https:\/\/estado29.mx\/wp-content\/uploads\/2023\/03\/IMG_20230315_094223-min-2048x1536.jpg 2048w, https:\/\/estado29.mx\/wp-content\/uploads\/2023\/03\/IMG_20230315_094223-min-750x563.jpg 750w, https:\/\/estado29.mx\/wp-content\/uploads\/2023\/03\/IMG_20230315_094223-min-1140x855.jpg 1140w\" sizes=\"auto, (max-width: 1024px) 100vw, 1024px\" \/><\/figure>\n\n\n\n<p>Gustavo Parada Matamoros, presidente municipal de Atltzayanca, dijo que la escasez de lluvias de temporada el a\u00f1o pasado provoc\u00f3 un desabasto de agua potable en el lugar, de un 35 a 40 por ciento.<\/p>\n\n\n\n<p><br>El alcalde mencion\u00f3 que este problema solo se registr\u00f3 en aproximadamente tres comunidades de la cabecera municipal, por lo que integrantes de la administraci\u00f3n que preside, tomaron las medidas necesarias para abastecer a los pobladores \u201cnuestro municipio ha crecido, gracias a las autoridades anteriores a todos los presidentes que han pasado, han puesto su granito de arena y gracias a eso pues hace que vayamos creciendo todos y que el municipio ya no se quede en un rezago como estaba anteriormente\u201d.<br>\u201cahora ya esta un municipio, como usted lo puede ver ya diferente, ya cambi\u00f3 un poco y lo dem\u00e1s tambi\u00e9n a la participaci\u00f3n de la gente\u201d.<\/p>\n\n\n\n<p><br>Finalmente el edil dijo que en temporada de sequ\u00eda son solo esas comunidades que padecen del vital l\u00edquido en temporada de sequ\u00eda \u201cyo creo que la afectaci\u00f3n que tuvo el municipio en agua potable fue en un 35 a 40 por ciento, no en todos los lugares, pero al menos en unas tres comunidades de la cabecera si padecemos esa parte cuando nos pega la sequ\u00eda\u201d.<\/p>\n","protected":false},"excerpt":{"rendered":"<p>Gustavo Parada Matamoros, presidente municipal de Atltzayanca, dijo que la escasez de lluvias de temporada el a\u00f1o pasado provoc\u00f3 un desabasto de agua potable en el lugar, de un 35 a 40 por ciento. El alcalde mencion\u00f3 que este problema solo se registr\u00f3 en aproximadamente tres comunidades de la cabecera municipal, por lo que integrantes [&hellip;]<\/p>\n","protected":false},"author":7,"featured_media":0,"comment_status":"open","ping_status":"open","sticky":false,"template":"","format":"standard","meta":{"om_disable_all_campaigns":false,"_monsterinsights_skip_tracking":false,"_monsterinsights_sitenote_active":false,"_monsterinsights_sitenote_note":"","_monsterinsights_sitenote_category":0,"jnews-multi-image_gallery":[],"jnews_single_post":{"subtitle":"","format":"standard","video":"","gallery":"","source_name":"","source_url":"","via_name":"","via_url":"","override_template":"0","override":[{"template":"1","single_blog_custom":"","parallax":"1","fullscreen":"1","layout":"right-sidebar","sidebar":"default-sidebar","second_sidebar":"default-sidebar","sticky_sidebar":"1","share_position":"top","share_float_style":"share-monocrhome","show_share_counter":"1","show_view_counter":"1","show_featured":"1","show_post_meta":"1","show_post_author":"1","show_post_author_image":"1","show_post_date":"1","post_date_format":"default","post_date_format_custom":"Y\/m\/d","show_post_category":"1","show_post_reading_time":"0","post_reading_time_wpm":"300","show_zoom_button":"0","zoom_button_out_step":"2","zoom_button_in_step":"3","show_post_tag":"1","show_prev_next_post":"1","show_popup_post":"1","number_popup_post":"1","show_author_box":"1","show_post_related":"0","show_inline_post_related":"0"}],"override_image_size":"0","image_override":[{"single_post_thumbnail_size":"crop-500","single_post_gallery_size":"crop-500"}],"trending_post":"0","trending_post_position":"meta","trending_post_label":"Trending","sponsored_post":"0","sponsored_post_label":"Sponsored by","sponsored_post_name":"","sponsored_post_url":"","sponsored_post_logo_enable":"0","sponsored_post_logo":"","sponsored_post_desc":"","disable_ad":"0"},"jnews_primary_category":{"id":""},"footnotes":""},"categories":[1],"tags":[],"class_list":["post-85085","post","type-post","status-publish","format-standard","hentry","category-uncategorized"],"aioseo_notices":[],"_links":{"self":[{"href":"https:\/\/estado29.mx\/index.php?rest_route=\/wp\/v2\/posts\/85085","targetHints":{"allow":["GET"]}}],"collection":[{"href":"https:\/\/estado29.mx\/index.php?rest_route=\/wp\/v2\/posts"}],"about":[{"href":"https:\/\/estado29.mx\/index.php?rest_route=\/wp\/v2\/types\/post"}],"author":[{"embeddable":true,"href":"https:\/\/estado29.mx\/index.php?rest_route=\/wp\/v2\/users\/7"}],"replies":[{"embeddable":true,"href":"https:\/\/estado29.mx\/index.php?rest_route=%2Fwp%2Fv2%2Fcomments&post=85085"}],"version-history":[{"count":2,"href":"https:\/\/estado29.mx\/index.php?rest_route=\/wp\/v2\/posts\/85085\/revisions"}],"predecessor-version":[{"id":85091,"href":"https:\/\/estado29.mx\/index.php?rest_route=\/wp\/v2\/posts\/85085\/revisions\/85091"}],"wp:attachment":[{"href":"https:\/\/estado29.mx\/index.php?rest_route=%2Fwp%2Fv2%2Fmedia&parent=85085"}],"wp:term":[{"taxonomy":"category","embeddable":true,"href":"https:\/\/estado29.mx\/index.php?rest_route=%2Fwp%2Fv2%2Fcategories&post=85085"},{"taxonomy":"post_tag","embeddable":true,"href":"https:\/\/estado29.mx\/index.php?rest_route=%2Fwp%2Fv2%2Ftags&post=85085"}],"curies":[{"name":"wp","href":"https:\/\/api.w.org\/{rel}","templated":true}]}}