{"id":85180,"date":"2023-03-24T13:30:18","date_gmt":"2023-03-24T13:30:18","guid":{"rendered":"https:\/\/estado29.mx\/?p=85180"},"modified":"2023-03-24T13:30:20","modified_gmt":"2023-03-24T13:30:20","slug":"conmemoran-el-dia-mundial-del-teatro-para-ninos-y-jovenes-en-zacualpan","status":"publish","type":"post","link":"https:\/\/estado29.mx\/?p=85180","title":{"rendered":"Conmemoran el d\u00eda mundial del teatro para ni\u00f1os y j\u00f3venes en Zacualpan"},"content":{"rendered":"\n<p>*La Secretar\u00eda de Cultura trabaja en este tipo de acciones para fomentar el arte esc\u00e9nico entre las infancias y adolescencias<\/p>\n\n\n\n<p>En el marco del D\u00eda Mundial del Teatro para Ni\u00f1os y J\u00f3venes, que se celebr\u00f3 el 20 de marzo del presente a\u00f1o, la Secretar\u00eda de Cultura (SC) present\u00f3 la puesta en escena \u201cEl viaje al Mictl\u00e1n\u201d en el municipio de San Jer\u00f3nimo Zacualpan, con la asistencia de 350 personas, entre menores de edad y padres de familia.<\/p>\n\n\n\n<p>En el auditorio municipal, los asistentes disfrutaron de una funci\u00f3n de la compa\u00f1\u00eda de teatro \u201cYolotl\u201d y bajo la direcci\u00f3n de V\u00edctor Jos\u00e9 Palacios Serrano; actividad que tambi\u00e9n se sum\u00f3 a la decimoquinta edici\u00f3n del \u201cGran Marat\u00f3n de Teatro para Ni\u00f1as, Ni\u00f1os y J\u00f3venes\u201d que se realiz\u00f3 a nivel nacional.<\/p>\n\n\n\n<p>La Secretar\u00eda de Cultura trabaja en este tipo de acciones para fomentar el arte esc\u00e9nico entre las infancias y adolescencias, por lo que se coordin\u00f3 con la dependencia de Cultura a nivel federal, con el Instituto Nacional de Bellas Artes y Literatura (Inbal), la Coordinaci\u00f3n Nacional de Teatro y el Centro Cultural del Bosque.<\/p>\n\n\n\n<p>La compa\u00f1\u00eda \u201cYolotl\u201d, a trav\u00e9s de un montaje con distintas t\u00e9cnicas, busc\u00f3 una interacci\u00f3n entre el espectador y los actores, por medio de un ambiente de confianza.<\/p>\n\n\n\n<p>La dependencia estatal de manera gradual reactivar\u00e1 la presentaci\u00f3n de diversas obras de teatro en el estado, despu\u00e9s de la disminuci\u00f3n de la pandemia de Covid, para impulsar la creatividad y desarrollo art\u00edstico de los ni\u00f1os y adolescentes.<\/p>\n\n\n\n<p>Por medio del departamento de Vinculaci\u00f3n y Difusi\u00f3n, as\u00ed como de la regidur\u00eda de Desarrollo Social del ayuntamiento de Zacualpan, se organiz\u00f3 el evento.<\/p>\n","protected":false},"excerpt":{"rendered":"<p>*La Secretar\u00eda de Cultura trabaja en este tipo de acciones para fomentar el arte esc\u00e9nico entre las infancias y adolescencias En el marco del D\u00eda Mundial del Teatro para Ni\u00f1os y J\u00f3venes, que se celebr\u00f3 el 20 de marzo del presente a\u00f1o, la Secretar\u00eda de Cultura (SC) present\u00f3 la puesta en escena \u201cEl viaje al [&hellip;]<\/p>\n","protected":false},"author":4,"featured_media":85181,"comment_status":"open","ping_status":"open","sticky":false,"template":"","format":"standard","meta":{"om_disable_all_campaigns":false,"_monsterinsights_skip_tracking":false,"_monsterinsights_sitenote_active":false,"_monsterinsights_sitenote_note":"","_monsterinsights_sitenote_category":0,"jnews-multi-image_gallery":[],"jnews_single_post":{"subtitle":"","format":"standard","video":"","gallery":"","source_name":"","source_url":"","via_name":"","via_url":"","override_template":"0","override":[{"template":"1","single_blog_custom":"","parallax":"1","fullscreen":"1","layout":"right-sidebar","sidebar":"default-sidebar","second_sidebar":"default-sidebar","sticky_sidebar":"1","share_position":"top","share_float_style":"share-monocrhome","show_share_counter":"1","show_view_counter":"1","show_featured":"1","show_post_meta":"1","show_post_author":"1","show_post_author_image":"1","show_post_date":"1","post_date_format":"default","post_date_format_custom":"Y\/m\/d","show_post_category":"1","show_post_reading_time":"0","post_reading_time_wpm":"300","show_zoom_button":"0","zoom_button_out_step":"2","zoom_button_in_step":"3","show_post_tag":"1","show_prev_next_post":"1","show_popup_post":"1","number_popup_post":"1","show_author_box":"1","show_post_related":"0","show_inline_post_related":"0"}],"override_image_size":"0","image_override":[{"single_post_thumbnail_size":"crop-500","single_post_gallery_size":"crop-500"}],"trending_post":"0","trending_post_position":"meta","trending_post_label":"Trending","sponsored_post":"0","sponsored_post_label":"Sponsored by","sponsored_post_name":"","sponsored_post_url":"","sponsored_post_logo_enable":"0","sponsored_post_logo":"","sponsored_post_desc":"","disable_ad":"0"},"jnews_primary_category":{"id":""},"footnotes":""},"categories":[43,52],"tags":[150,110,96],"class_list":["post-85180","post","type-post","status-publish","format-standard","has-post-thumbnail","hentry","category-estado","category-gobierno-de-tlaxcala","tag-gobierno-del-estado","tag-municipios","tag-tlaxcala"],"aioseo_notices":[],"_links":{"self":[{"href":"https:\/\/estado29.mx\/index.php?rest_route=\/wp\/v2\/posts\/85180","targetHints":{"allow":["GET"]}}],"collection":[{"href":"https:\/\/estado29.mx\/index.php?rest_route=\/wp\/v2\/posts"}],"about":[{"href":"https:\/\/estado29.mx\/index.php?rest_route=\/wp\/v2\/types\/post"}],"author":[{"embeddable":true,"href":"https:\/\/estado29.mx\/index.php?rest_route=\/wp\/v2\/users\/4"}],"replies":[{"embeddable":true,"href":"https:\/\/estado29.mx\/index.php?rest_route=%2Fwp%2Fv2%2Fcomments&post=85180"}],"version-history":[{"count":1,"href":"https:\/\/estado29.mx\/index.php?rest_route=\/wp\/v2\/posts\/85180\/revisions"}],"predecessor-version":[{"id":85182,"href":"https:\/\/estado29.mx\/index.php?rest_route=\/wp\/v2\/posts\/85180\/revisions\/85182"}],"wp:featuredmedia":[{"embeddable":true,"href":"https:\/\/estado29.mx\/index.php?rest_route=\/wp\/v2\/media\/85181"}],"wp:attachment":[{"href":"https:\/\/estado29.mx\/index.php?rest_route=%2Fwp%2Fv2%2Fmedia&parent=85180"}],"wp:term":[{"taxonomy":"category","embeddable":true,"href":"https:\/\/estado29.mx\/index.php?rest_route=%2Fwp%2Fv2%2Fcategories&post=85180"},{"taxonomy":"post_tag","embeddable":true,"href":"https:\/\/estado29.mx\/index.php?rest_route=%2Fwp%2Fv2%2Ftags&post=85180"}],"curies":[{"name":"wp","href":"https:\/\/api.w.org\/{rel}","templated":true}]}}