{"id":85183,"date":"2023-03-24T13:43:39","date_gmt":"2023-03-24T13:43:39","guid":{"rendered":"https:\/\/estado29.mx\/?p=85183"},"modified":"2023-03-24T13:43:41","modified_gmt":"2023-03-24T13:43:41","slug":"realizan-primera-mesa-interinstitucional-para-la-erradicacion-de-la-tala-clandestina","status":"publish","type":"post","link":"https:\/\/estado29.mx\/?p=85183","title":{"rendered":"Realizan primera mesa interinstitucional para la erradicaci\u00f3n de la tala clandestina"},"content":{"rendered":"\n<p>*El objetivo es la coordinaci\u00f3n de acciones de los tres \u00f3rdenes de gobierno, que lleven a la salvaguarda de los macizos forestales del estado.<\/p>\n\n\n\n<p>El gobierno del estado, a trav\u00e9s de la Secretar\u00eda de Medio Ambiente (SMA), realiz\u00f3 la primera Mesa Interinstitucional para la Erradicaci\u00f3n de la Tala Clandestina 2023, con el objetivo de proteger, coordinar acciones para la prevenci\u00f3n de este delito federal y salvaguardar los macizos forestales en el estado.<\/p>\n\n\n\n<p>El secretario de la SMA, Luis Antonio Ram\u00edrez Hern\u00e1ndez inform\u00f3 que durante 19 meses la dependencia encabez\u00f3 los trabajos de la mesa de tala clandestina, cumpliendo as\u00ed con una de las primeras indicaciones de la gobernadora Lorena Cu\u00e9llar Cisneros, de enviar un mensaje claro y directo a la sociedad en general, acerca de la nula tolerancia que habr\u00eda durante su administraci\u00f3n en torno a delitos forestales, por lo que agradeci\u00f3 el respaldo pleno del gobierno federal.<\/p>\n\n\n\n<p>Ram\u00edrez Hern\u00e1ndez dio a conocer que en pr\u00f3ximas fechas se har\u00e1 la instalaci\u00f3n del Consejo Asesor del Parque Nacional La Monta\u00f1a Malinche o Matlalcu\u00e9yatl, encabezado por la gobernadora. Este consejo es un \u00f3rgano de participaci\u00f3n social clave para facilitar la gesti\u00f3n del \u00c1rea Natural Protegida en el que se ver\u00e1n involucrados diversos actores y que re\u00fane a los representantes de los diferentes sectores de la poblaci\u00f3n, para que funjan como consejeros en el adecuado manejo del ANP, para demostrar que el gobierno del estado est\u00e1 totalmente comprometido con la generaci\u00f3n de acciones participativas que lleven al buen cuidado de los macizos forestales.<\/p>\n\n\n\n<p>Durante el transcurso de esta mesa, se determinaron los trabajos que se desplegar\u00e1n de manera coordinada entre la Federaci\u00f3n, el estado, los municipios y las comunidades, para atacar la problem\u00e1tica actual en materia de tala ilegal.<\/p>\n\n\n\n<p>Plantearon estrategias para el mediano y largo plazo para agilizar el Plan de Manejo del ANP La Malinche, con el cual se alentar\u00e1n proyectos viables de silvicultura, turismo ecol\u00f3gico y actividades de monta\u00f1a que generen econom\u00eda para quienes viven en nuestros bosques y que sean ellos los principales defensores de cada uno de los \u00e1rboles en pie.<\/p>\n\n\n\n<p>Posteriormente, los integrantes de la mesa informaron sobre el desarrollo y resultado de los operativos preventivos y de vigilancia realizados dentro del Parque Nacional Malinche, as\u00ed como el seguimiento de los casos de detenci\u00f3n de personas y el decomiso de recursos forestales de procedencia il\u00edcita y las unidades vehiculares donde se transporta.<\/p>\n\n\n\n<p>El encargado de despacho de la oficina de representaci\u00f3n de Protecci\u00f3n Ambiental de la Procuradur\u00eda Federal de Protecci\u00f3n al Ambiente (Profepa) en Tlaxcala, Arturo Z\u00e1rate Flores, inform\u00f3 sobre los hechos del pasado 16 de marzo, cuando al ejecutar un recorrido de inspecci\u00f3n fue agredido, con el resultado de dos personas lesionadas y la p\u00e9rdida total de un veh\u00edculo, por lo que los integrantes de la mesa plantearon la ruta de acci\u00f3n ante lo ocurrido.<\/p>\n\n\n\n<p>En otro orden, se present\u00f3 y aprob\u00f3 el calendario para la celebraci\u00f3n de las Mesas Interinstitucionales para la Erradicaci\u00f3n de la Tala Clandestina en el Estado de Tlaxcala durante este ejercicio 2023.<\/p>\n\n\n\n<p>Finalmente, se inform\u00f3 sobre las capacitaciones realizadas en el ejercicio 2022 y se aprob\u00f3 el Programa de Capacitaci\u00f3n contra la Tala Ilegal y los Delitos relacionados para este 2023.<\/p>\n\n\n\n<p>En la reuni\u00f3n participaron titulares y representantes de la Secretar\u00eda de Medio Ambiente y Recursos Naturales (Semarnat), la Comisi\u00f3n Nacional Forestal (Conafor), la Comisi\u00f3n Nacional de \u00c1reas Naturales Protegidas (Conanp); en la l\u00ednea de seguridad nacional, la Secretaria de la Defensa Nacional (Sedena), la Guardia Nacional (GN), la Fiscal\u00eda General de la Rep\u00fablica (FGR); por parte de gobierno del estado, la Secretar\u00eda de Gobierno (SG), la Procuradur\u00eda General de Justicia del Estado (PGJE), la Secretar\u00eda de Seguridad Ciudadana (SSC), la Comisi\u00f3n Ejecutiva del Sistema Estatal de Seguridad P\u00fablica (Cesesp), la Unidad de Inteligencia Patrimonial y Econ\u00f3mica (UIPE), la Coordinaci\u00f3n Estatal de Protecci\u00f3n Civil (CEPC), la Secretar\u00eda de Impulso Agropecuario (SIA) y la Procuradur\u00eda de Protecci\u00f3n al Ambiente del Estado de Tlaxcala (Propaet).<\/p>\n\n\n\n<p>Es as\u00ed como las autoridades reafirman el compromiso de seguir trabajando con mano firme para evitar que los delitos forestales sigan ocurriendo en la entidad, para proteger y salvaguardar los macizos forestales y los recursos naturales de la entidad.<\/p>\n","protected":false},"excerpt":{"rendered":"<p>*El objetivo es la coordinaci\u00f3n de acciones de los tres \u00f3rdenes de gobierno, que lleven a la salvaguarda de los macizos forestales del estado. El gobierno del estado, a trav\u00e9s de la Secretar\u00eda de Medio Ambiente (SMA), realiz\u00f3 la primera Mesa Interinstitucional para la Erradicaci\u00f3n de la Tala Clandestina 2023, con el objetivo de proteger, [&hellip;]<\/p>\n","protected":false},"author":4,"featured_media":0,"comment_status":"open","ping_status":"open","sticky":false,"template":"","format":"standard","meta":{"om_disable_all_campaigns":false,"_monsterinsights_skip_tracking":false,"_monsterinsights_sitenote_active":false,"_monsterinsights_sitenote_note":"","_monsterinsights_sitenote_category":0,"jnews-multi-image_gallery":[],"jnews_single_post":{"subtitle":"","format":"standard","video":"","gallery":"","source_name":"","source_url":"","via_name":"","via_url":"","override_template":"0","override":[{"template":"1","single_blog_custom":"","parallax":"1","fullscreen":"1","layout":"right-sidebar","sidebar":"default-sidebar","second_sidebar":"default-sidebar","sticky_sidebar":"1","share_position":"top","share_float_style":"share-monocrhome","show_share_counter":"1","show_view_counter":"1","show_featured":"1","show_post_meta":"1","show_post_author":"1","show_post_author_image":"1","show_post_date":"1","post_date_format":"default","post_date_format_custom":"Y\/m\/d","show_post_category":"1","show_post_reading_time":"0","post_reading_time_wpm":"300","show_zoom_button":"0","zoom_button_out_step":"2","zoom_button_in_step":"3","show_post_tag":"1","show_prev_next_post":"1","show_popup_post":"1","number_popup_post":"1","show_author_box":"1","show_post_related":"0","show_inline_post_related":"0"}],"override_image_size":"0","image_override":[{"single_post_thumbnail_size":"crop-500","single_post_gallery_size":"crop-500"}],"trending_post":"0","trending_post_position":"meta","trending_post_label":"Trending","sponsored_post":"0","sponsored_post_label":"Sponsored by","sponsored_post_name":"","sponsored_post_url":"","sponsored_post_logo_enable":"0","sponsored_post_logo":"","sponsored_post_desc":"","disable_ad":"0"},"jnews_primary_category":{"id":""},"footnotes":""},"categories":[43,52],"tags":[],"class_list":["post-85183","post","type-post","status-publish","format-standard","hentry","category-estado","category-gobierno-de-tlaxcala"],"aioseo_notices":[],"_links":{"self":[{"href":"https:\/\/estado29.mx\/index.php?rest_route=\/wp\/v2\/posts\/85183","targetHints":{"allow":["GET"]}}],"collection":[{"href":"https:\/\/estado29.mx\/index.php?rest_route=\/wp\/v2\/posts"}],"about":[{"href":"https:\/\/estado29.mx\/index.php?rest_route=\/wp\/v2\/types\/post"}],"author":[{"embeddable":true,"href":"https:\/\/estado29.mx\/index.php?rest_route=\/wp\/v2\/users\/4"}],"replies":[{"embeddable":true,"href":"https:\/\/estado29.mx\/index.php?rest_route=%2Fwp%2Fv2%2Fcomments&post=85183"}],"version-history":[{"count":1,"href":"https:\/\/estado29.mx\/index.php?rest_route=\/wp\/v2\/posts\/85183\/revisions"}],"predecessor-version":[{"id":85184,"href":"https:\/\/estado29.mx\/index.php?rest_route=\/wp\/v2\/posts\/85183\/revisions\/85184"}],"wp:attachment":[{"href":"https:\/\/estado29.mx\/index.php?rest_route=%2Fwp%2Fv2%2Fmedia&parent=85183"}],"wp:term":[{"taxonomy":"category","embeddable":true,"href":"https:\/\/estado29.mx\/index.php?rest_route=%2Fwp%2Fv2%2Fcategories&post=85183"},{"taxonomy":"post_tag","embeddable":true,"href":"https:\/\/estado29.mx\/index.php?rest_route=%2Fwp%2Fv2%2Ftags&post=85183"}],"curies":[{"name":"wp","href":"https:\/\/api.w.org\/{rel}","templated":true}]}}