{"id":85299,"date":"2023-03-29T01:35:01","date_gmt":"2023-03-29T01:35:01","guid":{"rendered":"https:\/\/estado29.mx\/?p=85299"},"modified":"2023-03-29T01:35:03","modified_gmt":"2023-03-29T01:35:03","slug":"celebran-en-ixtenco-dia-internacional-de-la-mujer-2","status":"publish","type":"post","link":"https:\/\/estado29.mx\/?p=85299","title":{"rendered":"Celebran en Ixtenco D\u00eda Internacional de la Mujer."},"content":{"rendered":"\n<figure class=\"wp-block-image size-full\"><img loading=\"lazy\" decoding=\"async\" width=\"1024\" height=\"768\" src=\"https:\/\/estado29.mx\/wp-content\/uploads\/2023\/03\/IMG-20230328-WA0010.jpg\" alt=\"\" class=\"wp-image-85300\" srcset=\"https:\/\/estado29.mx\/wp-content\/uploads\/2023\/03\/IMG-20230328-WA0010.jpg 1024w, https:\/\/estado29.mx\/wp-content\/uploads\/2023\/03\/IMG-20230328-WA0010-300x225.jpg 300w, https:\/\/estado29.mx\/wp-content\/uploads\/2023\/03\/IMG-20230328-WA0010-768x576.jpg 768w, https:\/\/estado29.mx\/wp-content\/uploads\/2023\/03\/IMG-20230328-WA0010-750x563.jpg 750w\" sizes=\"auto, (max-width: 1024px) 100vw, 1024px\" \/><\/figure>\n\n\n\n<p>Este domingo 12 de marzo, dentro de la celebraci\u00f3n del D\u00eda Internacional de la Mujer, en el municipio de Ixtenco, el presidente Renato S\u00e1nchez Rojas, reconoci\u00f3 el esfuerzo y trabajo de las mujeres d\u00eda a d\u00eda.<\/p>\n\n\n\n<p><br>En el evento llevado a cabo frente a las instalaciones de presidencia municipal, ante la presencia de alrededor de 200 mujeres, el alcalde hizo entrega de reconocimientos a mujeres que integran la iniciativa del Gobierno Municipal denominada \u201cMujeres que Inspiran\u201d, mismos que podr\u00e1n ser apreciados en las instalaciones del Museo Comunitario, todo el mes de marzo.<\/p>\n\n\n\n<p><br>Dentro de las mismas actividades, se tuvo una conferencia, a cargo del Doctor Alejandro Di Grazia Rao, llamada \u201cDiferencia entre amor y Dependencia en la Pareja\u201d.<\/p>\n\n\n\n<p><br>Por otra parte, el edil refrend\u00f3 su compromiso por generar beneficios para las mujeres del lugar y todos los pobladores a trav\u00e9s de las diversas gestiones que se realizan .<\/p>\n","protected":false},"excerpt":{"rendered":"<p>Este domingo 12 de marzo, dentro de la celebraci\u00f3n del D\u00eda Internacional de la Mujer, en el municipio de Ixtenco, el presidente Renato S\u00e1nchez Rojas, reconoci\u00f3 el esfuerzo y trabajo de las mujeres d\u00eda a d\u00eda. En el evento llevado a cabo frente a las instalaciones de presidencia municipal, ante la presencia de alrededor de [&hellip;]<\/p>\n","protected":false},"author":7,"featured_media":0,"comment_status":"open","ping_status":"open","sticky":false,"template":"","format":"standard","meta":{"om_disable_all_campaigns":false,"_monsterinsights_skip_tracking":false,"_monsterinsights_sitenote_active":false,"_monsterinsights_sitenote_note":"","_monsterinsights_sitenote_category":0,"jnews-multi-image_gallery":[],"jnews_single_post":{"subtitle":"","format":"standard","video":"","gallery":"","source_name":"","source_url":"","via_name":"","via_url":"","override_template":"0","override":[{"template":"1","single_blog_custom":"","parallax":"1","fullscreen":"1","layout":"right-sidebar","sidebar":"default-sidebar","second_sidebar":"default-sidebar","sticky_sidebar":"1","share_position":"top","share_float_style":"share-monocrhome","show_share_counter":"1","show_view_counter":"1","show_featured":"1","show_post_meta":"1","show_post_author":"1","show_post_author_image":"1","show_post_date":"1","post_date_format":"default","post_date_format_custom":"Y\/m\/d","show_post_category":"1","show_post_reading_time":"0","post_reading_time_wpm":"300","show_zoom_button":"0","zoom_button_out_step":"2","zoom_button_in_step":"3","show_post_tag":"1","show_prev_next_post":"1","show_popup_post":"1","number_popup_post":"1","show_author_box":"1","show_post_related":"0","show_inline_post_related":"0"}],"override_image_size":"0","image_override":[{"single_post_thumbnail_size":"crop-500","single_post_gallery_size":"crop-500"}],"trending_post":"0","trending_post_position":"meta","trending_post_label":"Trending","sponsored_post":"0","sponsored_post_label":"Sponsored by","sponsored_post_name":"","sponsored_post_url":"","sponsored_post_logo_enable":"0","sponsored_post_logo":"","sponsored_post_desc":"","disable_ad":"0"},"jnews_primary_category":{"id":""},"footnotes":""},"categories":[1],"tags":[],"class_list":["post-85299","post","type-post","status-publish","format-standard","hentry","category-uncategorized"],"aioseo_notices":[],"_links":{"self":[{"href":"https:\/\/estado29.mx\/index.php?rest_route=\/wp\/v2\/posts\/85299","targetHints":{"allow":["GET"]}}],"collection":[{"href":"https:\/\/estado29.mx\/index.php?rest_route=\/wp\/v2\/posts"}],"about":[{"href":"https:\/\/estado29.mx\/index.php?rest_route=\/wp\/v2\/types\/post"}],"author":[{"embeddable":true,"href":"https:\/\/estado29.mx\/index.php?rest_route=\/wp\/v2\/users\/7"}],"replies":[{"embeddable":true,"href":"https:\/\/estado29.mx\/index.php?rest_route=%2Fwp%2Fv2%2Fcomments&post=85299"}],"version-history":[{"count":1,"href":"https:\/\/estado29.mx\/index.php?rest_route=\/wp\/v2\/posts\/85299\/revisions"}],"predecessor-version":[{"id":85301,"href":"https:\/\/estado29.mx\/index.php?rest_route=\/wp\/v2\/posts\/85299\/revisions\/85301"}],"wp:attachment":[{"href":"https:\/\/estado29.mx\/index.php?rest_route=%2Fwp%2Fv2%2Fmedia&parent=85299"}],"wp:term":[{"taxonomy":"category","embeddable":true,"href":"https:\/\/estado29.mx\/index.php?rest_route=%2Fwp%2Fv2%2Fcategories&post=85299"},{"taxonomy":"post_tag","embeddable":true,"href":"https:\/\/estado29.mx\/index.php?rest_route=%2Fwp%2Fv2%2Ftags&post=85299"}],"curies":[{"name":"wp","href":"https:\/\/api.w.org\/{rel}","templated":true}]}}