{"id":85302,"date":"2023-03-29T01:38:08","date_gmt":"2023-03-29T01:38:08","guid":{"rendered":"https:\/\/estado29.mx\/?p=85302"},"modified":"2023-03-29T01:38:10","modified_gmt":"2023-03-29T01:38:10","slug":"priorizacion-de-obra-en-ixtenco-sera-en-espacios-deportivos-y-publicos","status":"publish","type":"post","link":"https:\/\/estado29.mx\/?p=85302","title":{"rendered":"Priorizaci\u00f3n de obra en Ixtenco ser\u00e1 en espacios deportivos y p\u00fablicos."},"content":{"rendered":"\n<figure class=\"wp-block-image size-large\"><img loading=\"lazy\" decoding=\"async\" width=\"1024\" height=\"614\" src=\"https:\/\/estado29.mx\/wp-content\/uploads\/2023\/03\/IMG-20230328-WA0011-1024x614.jpg\" alt=\"\" class=\"wp-image-85303\" srcset=\"https:\/\/estado29.mx\/wp-content\/uploads\/2023\/03\/IMG-20230328-WA0011-1024x614.jpg 1024w, https:\/\/estado29.mx\/wp-content\/uploads\/2023\/03\/IMG-20230328-WA0011-300x180.jpg 300w, https:\/\/estado29.mx\/wp-content\/uploads\/2023\/03\/IMG-20230328-WA0011-768x461.jpg 768w, https:\/\/estado29.mx\/wp-content\/uploads\/2023\/03\/IMG-20230328-WA0011-750x450.jpg 750w, https:\/\/estado29.mx\/wp-content\/uploads\/2023\/03\/IMG-20230328-WA0011-1140x684.jpg 1140w, https:\/\/estado29.mx\/wp-content\/uploads\/2023\/03\/IMG-20230328-WA0011.jpg 1280w\" sizes=\"auto, (max-width: 1024px) 100vw, 1024px\" \/><\/figure>\n\n\n\n<p>El presidente municipal de Ixtenco, Renato S\u00e1nchez Rojas, en entrevista para En Punto habl\u00f3 sobre la priorizaci\u00f3n en materia de obra publica del lugar.<\/p>\n\n\n\n<p><br>En este sentido, el edil resalt\u00f3 que en esta ocasi\u00f3n lo que se tomar\u00e1 en cuenta son espacios deportivos y p\u00fablicos, entre ellos la construcci\u00f3n de un cancha de tenis \u201cEsta ocasi\u00f3n, el d\u00eda viernes hemos ya aprobado en comit\u00e9 y a trav\u00e9s del cabildo, la priorizaci\u00f3n de obra p\u00fablica, este a\u00f1o principalmente prioriza, los espacios deportivos y espacios p\u00fablicos, se construir\u00e1 una cancha de tenis, se empastar\u00e1 la otra cancha de futbol\u201d.<\/p>\n\n\n\n<p><br>Aunado a ello S\u00e1nchez Rojas agreg\u00f3 que se har\u00e1n trabajos de rehabilitaci\u00f3n en otros espacios del lugar \u201cse rehabilitar\u00e1n dos espacios p\u00fablicos, que es el de la unidad deportiva y el parquecito de la Vicente Guerrero, con juegos y ejercitadores f\u00edsicos\u201d.<\/p>\n\n\n\n<p><br>En este sentido, el alcalde dijo que este tipo de acciones se realizan con la finalidad de brindar a ni\u00f1os, j\u00f3venes y adultos, espacios p\u00fablicos donde puedan acudir y ejercitarse de forma saludable y tranquila.<\/p>\n","protected":false},"excerpt":{"rendered":"<p>El presidente municipal de Ixtenco, Renato S\u00e1nchez Rojas, en entrevista para En Punto habl\u00f3 sobre la priorizaci\u00f3n en materia de obra publica del lugar. En este sentido, el edil resalt\u00f3 que en esta ocasi\u00f3n lo que se tomar\u00e1 en cuenta son espacios deportivos y p\u00fablicos, entre ellos la construcci\u00f3n de un cancha de tenis \u201cEsta [&hellip;]<\/p>\n","protected":false},"author":7,"featured_media":0,"comment_status":"open","ping_status":"open","sticky":false,"template":"","format":"standard","meta":{"om_disable_all_campaigns":false,"_monsterinsights_skip_tracking":false,"_monsterinsights_sitenote_active":false,"_monsterinsights_sitenote_note":"","_monsterinsights_sitenote_category":0,"jnews-multi-image_gallery":[],"jnews_single_post":{"subtitle":"","format":"standard","video":"","gallery":"","source_name":"","source_url":"","via_name":"","via_url":"","override_template":"0","override":[{"template":"1","single_blog_custom":"","parallax":"1","fullscreen":"1","layout":"right-sidebar","sidebar":"default-sidebar","second_sidebar":"default-sidebar","sticky_sidebar":"1","share_position":"top","share_float_style":"share-monocrhome","show_share_counter":"1","show_view_counter":"1","show_featured":"1","show_post_meta":"1","show_post_author":"1","show_post_author_image":"1","show_post_date":"1","post_date_format":"default","post_date_format_custom":"Y\/m\/d","show_post_category":"1","show_post_reading_time":"0","post_reading_time_wpm":"300","show_zoom_button":"0","zoom_button_out_step":"2","zoom_button_in_step":"3","show_post_tag":"1","show_prev_next_post":"1","show_popup_post":"1","number_popup_post":"1","show_author_box":"1","show_post_related":"0","show_inline_post_related":"0"}],"override_image_size":"0","image_override":[{"single_post_thumbnail_size":"crop-500","single_post_gallery_size":"crop-500"}],"trending_post":"0","trending_post_position":"meta","trending_post_label":"Trending","sponsored_post":"0","sponsored_post_label":"Sponsored by","sponsored_post_name":"","sponsored_post_url":"","sponsored_post_logo_enable":"0","sponsored_post_logo":"","sponsored_post_desc":"","disable_ad":"0"},"jnews_primary_category":{"id":""},"footnotes":""},"categories":[1],"tags":[],"class_list":["post-85302","post","type-post","status-publish","format-standard","hentry","category-uncategorized"],"aioseo_notices":[],"_links":{"self":[{"href":"https:\/\/estado29.mx\/index.php?rest_route=\/wp\/v2\/posts\/85302","targetHints":{"allow":["GET"]}}],"collection":[{"href":"https:\/\/estado29.mx\/index.php?rest_route=\/wp\/v2\/posts"}],"about":[{"href":"https:\/\/estado29.mx\/index.php?rest_route=\/wp\/v2\/types\/post"}],"author":[{"embeddable":true,"href":"https:\/\/estado29.mx\/index.php?rest_route=\/wp\/v2\/users\/7"}],"replies":[{"embeddable":true,"href":"https:\/\/estado29.mx\/index.php?rest_route=%2Fwp%2Fv2%2Fcomments&post=85302"}],"version-history":[{"count":1,"href":"https:\/\/estado29.mx\/index.php?rest_route=\/wp\/v2\/posts\/85302\/revisions"}],"predecessor-version":[{"id":85304,"href":"https:\/\/estado29.mx\/index.php?rest_route=\/wp\/v2\/posts\/85302\/revisions\/85304"}],"wp:attachment":[{"href":"https:\/\/estado29.mx\/index.php?rest_route=%2Fwp%2Fv2%2Fmedia&parent=85302"}],"wp:term":[{"taxonomy":"category","embeddable":true,"href":"https:\/\/estado29.mx\/index.php?rest_route=%2Fwp%2Fv2%2Fcategories&post=85302"},{"taxonomy":"post_tag","embeddable":true,"href":"https:\/\/estado29.mx\/index.php?rest_route=%2Fwp%2Fv2%2Ftags&post=85302"}],"curies":[{"name":"wp","href":"https:\/\/api.w.org\/{rel}","templated":true}]}}