{"id":85305,"date":"2023-03-29T01:41:43","date_gmt":"2023-03-29T01:41:43","guid":{"rendered":"https:\/\/estado29.mx\/?p=85305"},"modified":"2023-03-29T01:41:45","modified_gmt":"2023-03-29T01:41:45","slug":"invertira-este-ano-gobierno-de-ixtenco-60-mdp-en-universidad-intercultural","status":"publish","type":"post","link":"https:\/\/estado29.mx\/?p=85305","title":{"rendered":"Invertir\u00e1 este a\u00f1o Gobierno de Ixtenco 60 mdp en Universidad Intercultural."},"content":{"rendered":"\n<figure class=\"wp-block-image size-large\"><img loading=\"lazy\" decoding=\"async\" width=\"1024\" height=\"614\" src=\"https:\/\/estado29.mx\/wp-content\/uploads\/2023\/03\/IMG-20230328-WA0012-1024x614.jpg\" alt=\"\" class=\"wp-image-85306\" srcset=\"https:\/\/estado29.mx\/wp-content\/uploads\/2023\/03\/IMG-20230328-WA0012-1024x614.jpg 1024w, https:\/\/estado29.mx\/wp-content\/uploads\/2023\/03\/IMG-20230328-WA0012-300x180.jpg 300w, https:\/\/estado29.mx\/wp-content\/uploads\/2023\/03\/IMG-20230328-WA0012-768x461.jpg 768w, https:\/\/estado29.mx\/wp-content\/uploads\/2023\/03\/IMG-20230328-WA0012-750x450.jpg 750w, https:\/\/estado29.mx\/wp-content\/uploads\/2023\/03\/IMG-20230328-WA0012-1140x684.jpg 1140w, https:\/\/estado29.mx\/wp-content\/uploads\/2023\/03\/IMG-20230328-WA0012.jpg 1280w\" sizes=\"auto, (max-width: 1024px) 100vw, 1024px\" \/><\/figure>\n\n\n\n<p>El presidente municipal de Ixtenco, Renato S\u00e1nchez Rojas, habl\u00f3 sobre los trabajos que se realizar\u00e1n en la universidad intercultural, cifra que asciende a los sesenta millones de pesos en este a\u00f1o.<\/p>\n\n\n\n<p><br>El alcalde mencion\u00f3 que se tiene previsto que a partir de agosto pr\u00f3ximo entre en funciones la instituci\u00f3n educativa \u201cse invertir\u00e1 un dinero en la universidad intercultural, son alrededor de kil\u00f3metro y medio en electrificaci\u00f3n y alumbrado p\u00fablico, porque a decir de las autoridades, en agosto empezar\u00e1 ya a funcionar la universidad intercultural, cosa que pues nos da mucho gusto\u201d.<\/p>\n\n\n\n<p><br>Por otra parte, Renato S\u00e1nchez coment\u00f3 que el a\u00f1o anterior se hizo una inversi\u00f3n de 23 millones de pesos en la construcci\u00f3n de las instalaciones de la universidad intercultural \u201csi le sumas los 23 millones de pesos que se invirtieron en la universidad intercultural, mas el fis, estar\u00edamos hablando de una inversi\u00f3n superior a los cuarenta millones de pesos en el a\u00f1o pasado, este a\u00f1o se van a invertir sesenta millones adicionales en la universidad intercultural\u201d.<\/p>\n\n\n\n<p><br>Finalmente el edil extern\u00f3 la satisfacci\u00f3n que le general el poder brindar a los habitantes del municipio las condiciones educativas para que puedan desarrollarse profesionalmente.<\/p>\n","protected":false},"excerpt":{"rendered":"<p>El presidente municipal de Ixtenco, Renato S\u00e1nchez Rojas, habl\u00f3 sobre los trabajos que se realizar\u00e1n en la universidad intercultural, cifra que asciende a los sesenta millones de pesos en este a\u00f1o. El alcalde mencion\u00f3 que se tiene previsto que a partir de agosto pr\u00f3ximo entre en funciones la instituci\u00f3n educativa \u201cse invertir\u00e1 un dinero en [&hellip;]<\/p>\n","protected":false},"author":7,"featured_media":0,"comment_status":"open","ping_status":"open","sticky":false,"template":"","format":"standard","meta":{"om_disable_all_campaigns":false,"_monsterinsights_skip_tracking":false,"_monsterinsights_sitenote_active":false,"_monsterinsights_sitenote_note":"","_monsterinsights_sitenote_category":0,"jnews-multi-image_gallery":[],"jnews_single_post":{"subtitle":"","format":"standard","video":"","gallery":"","source_name":"","source_url":"","via_name":"","via_url":"","override_template":"0","override":[{"template":"1","single_blog_custom":"","parallax":"1","fullscreen":"1","layout":"right-sidebar","sidebar":"default-sidebar","second_sidebar":"default-sidebar","sticky_sidebar":"1","share_position":"top","share_float_style":"share-monocrhome","show_share_counter":"1","show_view_counter":"1","show_featured":"1","show_post_meta":"1","show_post_author":"1","show_post_author_image":"1","show_post_date":"1","post_date_format":"default","post_date_format_custom":"Y\/m\/d","show_post_category":"1","show_post_reading_time":"0","post_reading_time_wpm":"300","show_zoom_button":"0","zoom_button_out_step":"2","zoom_button_in_step":"3","show_post_tag":"1","show_prev_next_post":"1","show_popup_post":"1","number_popup_post":"1","show_author_box":"1","show_post_related":"0","show_inline_post_related":"0"}],"override_image_size":"0","image_override":[{"single_post_thumbnail_size":"crop-500","single_post_gallery_size":"crop-500"}],"trending_post":"0","trending_post_position":"meta","trending_post_label":"Trending","sponsored_post":"0","sponsored_post_label":"Sponsored by","sponsored_post_name":"","sponsored_post_url":"","sponsored_post_logo_enable":"0","sponsored_post_logo":"","sponsored_post_desc":"","disable_ad":"0"},"jnews_primary_category":{"id":""},"footnotes":""},"categories":[1],"tags":[],"class_list":["post-85305","post","type-post","status-publish","format-standard","hentry","category-uncategorized"],"aioseo_notices":[],"_links":{"self":[{"href":"https:\/\/estado29.mx\/index.php?rest_route=\/wp\/v2\/posts\/85305","targetHints":{"allow":["GET"]}}],"collection":[{"href":"https:\/\/estado29.mx\/index.php?rest_route=\/wp\/v2\/posts"}],"about":[{"href":"https:\/\/estado29.mx\/index.php?rest_route=\/wp\/v2\/types\/post"}],"author":[{"embeddable":true,"href":"https:\/\/estado29.mx\/index.php?rest_route=\/wp\/v2\/users\/7"}],"replies":[{"embeddable":true,"href":"https:\/\/estado29.mx\/index.php?rest_route=%2Fwp%2Fv2%2Fcomments&post=85305"}],"version-history":[{"count":1,"href":"https:\/\/estado29.mx\/index.php?rest_route=\/wp\/v2\/posts\/85305\/revisions"}],"predecessor-version":[{"id":85307,"href":"https:\/\/estado29.mx\/index.php?rest_route=\/wp\/v2\/posts\/85305\/revisions\/85307"}],"wp:attachment":[{"href":"https:\/\/estado29.mx\/index.php?rest_route=%2Fwp%2Fv2%2Fmedia&parent=85305"}],"wp:term":[{"taxonomy":"category","embeddable":true,"href":"https:\/\/estado29.mx\/index.php?rest_route=%2Fwp%2Fv2%2Fcategories&post=85305"},{"taxonomy":"post_tag","embeddable":true,"href":"https:\/\/estado29.mx\/index.php?rest_route=%2Fwp%2Fv2%2Ftags&post=85305"}],"curies":[{"name":"wp","href":"https:\/\/api.w.org\/{rel}","templated":true}]}}