{"id":85308,"date":"2023-03-29T01:44:25","date_gmt":"2023-03-29T01:44:25","guid":{"rendered":"https:\/\/estado29.mx\/?p=85308"},"modified":"2023-03-29T01:44:27","modified_gmt":"2023-03-29T01:44:27","slug":"trabajan-autoridades-de-ixtenco-en-la-preservacion-de-la-lengua-otomi","status":"publish","type":"post","link":"https:\/\/estado29.mx\/?p=85308","title":{"rendered":"Trabajan autoridades de Ixtenco en la preservaci\u00f3n de la Lengua Otom\u00ed"},"content":{"rendered":"\n<figure class=\"wp-block-image size-full\"><img loading=\"lazy\" decoding=\"async\" width=\"701\" height=\"437\" src=\"https:\/\/estado29.mx\/wp-content\/uploads\/2023\/03\/images-4-1.jpeg\" alt=\"\" class=\"wp-image-85309\" srcset=\"https:\/\/estado29.mx\/wp-content\/uploads\/2023\/03\/images-4-1.jpeg 701w, https:\/\/estado29.mx\/wp-content\/uploads\/2023\/03\/images-4-1-300x187.jpeg 300w\" sizes=\"auto, (max-width: 701px) 100vw, 701px\" \/><\/figure>\n\n\n\n<p>El presidente municipal de Ixtenco Renato S\u00e1nchez Rojas, en entrevista para Estado29 y En Punto, resalt\u00f3 que como parte de la conservaci\u00f3n de la lengua Otom\u00ed, se trabaja en conjunto con el Gobierno del Estado, para dar impulso y mantener la ra\u00edces del lugar.<\/p>\n\n\n\n<p>El alcalde mencion\u00f3 que se realizar\u00e1 un censo, a partir del cu\u00e1l, se generar\u00e1n las bases para que a trav\u00e9s de la ni\u00f1ez del lugar se conserve dicha lengua \u201cel Secretario de Cultura del Estado nos habl\u00f3 de que se va a realizar un censo sobre las lenguas en el estado, entre ellas el Otom\u00ed por parte de Instituto Nacional de Lenguas Ind\u00edgenas\u201d.<\/p>\n\n\n\n<p><br>Resalt\u00f3 que la preservaci\u00f3n de la lengua en el lugar, es tarea de todos los pobladores, as\u00ed como el mayor reto que se tiene \u201ceso va a ser una base para determinar la pol\u00edtica a seguir para evitar la desaparici\u00f3n de la lengua otom\u00ed, es complicado, es yo creo que nuestro mayor reto como comunidad, digamos como habitante de Ixtenco, todos tenemos el reto de que la lengua no desaparezca, entonces es una tarea de todos\u201d.<\/p>\n\n\n\n<p><br>Por otra parte, agreg\u00f3 que por medio de las escuelas biling\u00fces se ha hecho hincapi\u00e9 porque la ni\u00f1ez del municipio aprenda esta lengua pues, ser\u00e1n ellos quienes den continuidad a las ra\u00edces del lugar \u201clas escuelas biling\u00fces, la semana antepasada que celebramos del d\u00eda internacional de la lengua materna, se enfatiz\u00f3 en esa necesidad, los peque\u00f1itos, se est\u00e1n aprendiendo el otom\u00ed, son el semillero que va a dar continuidad a este conocimiento generacional de la lengua otom\u00ed\u201d.<\/p>\n","protected":false},"excerpt":{"rendered":"<p>El presidente municipal de Ixtenco Renato S\u00e1nchez Rojas, en entrevista para Estado29 y En Punto, resalt\u00f3 que como parte de la conservaci\u00f3n de la lengua Otom\u00ed, se trabaja en conjunto con el Gobierno del Estado, para dar impulso y mantener la ra\u00edces del lugar. El alcalde mencion\u00f3 que se realizar\u00e1 un censo, a partir del [&hellip;]<\/p>\n","protected":false},"author":7,"featured_media":0,"comment_status":"open","ping_status":"open","sticky":false,"template":"","format":"standard","meta":{"om_disable_all_campaigns":false,"_monsterinsights_skip_tracking":false,"_monsterinsights_sitenote_active":false,"_monsterinsights_sitenote_note":"","_monsterinsights_sitenote_category":0,"jnews-multi-image_gallery":[],"jnews_single_post":{"subtitle":"","format":"standard","video":"","gallery":"","source_name":"","source_url":"","via_name":"","via_url":"","override_template":"0","override":[{"template":"1","single_blog_custom":"","parallax":"1","fullscreen":"1","layout":"right-sidebar","sidebar":"default-sidebar","second_sidebar":"default-sidebar","sticky_sidebar":"1","share_position":"top","share_float_style":"share-monocrhome","show_share_counter":"1","show_view_counter":"1","show_featured":"1","show_post_meta":"1","show_post_author":"1","show_post_author_image":"1","show_post_date":"1","post_date_format":"default","post_date_format_custom":"Y\/m\/d","show_post_category":"1","show_post_reading_time":"0","post_reading_time_wpm":"300","show_zoom_button":"0","zoom_button_out_step":"2","zoom_button_in_step":"3","show_post_tag":"1","show_prev_next_post":"1","show_popup_post":"1","number_popup_post":"1","show_author_box":"1","show_post_related":"0","show_inline_post_related":"0"}],"override_image_size":"0","image_override":[{"single_post_thumbnail_size":"crop-500","single_post_gallery_size":"crop-500"}],"trending_post":"0","trending_post_position":"meta","trending_post_label":"Trending","sponsored_post":"0","sponsored_post_label":"Sponsored by","sponsored_post_name":"","sponsored_post_url":"","sponsored_post_logo_enable":"0","sponsored_post_logo":"","sponsored_post_desc":"","disable_ad":"0"},"jnews_primary_category":{"id":""},"footnotes":""},"categories":[1],"tags":[],"class_list":["post-85308","post","type-post","status-publish","format-standard","hentry","category-uncategorized"],"aioseo_notices":[],"_links":{"self":[{"href":"https:\/\/estado29.mx\/index.php?rest_route=\/wp\/v2\/posts\/85308","targetHints":{"allow":["GET"]}}],"collection":[{"href":"https:\/\/estado29.mx\/index.php?rest_route=\/wp\/v2\/posts"}],"about":[{"href":"https:\/\/estado29.mx\/index.php?rest_route=\/wp\/v2\/types\/post"}],"author":[{"embeddable":true,"href":"https:\/\/estado29.mx\/index.php?rest_route=\/wp\/v2\/users\/7"}],"replies":[{"embeddable":true,"href":"https:\/\/estado29.mx\/index.php?rest_route=%2Fwp%2Fv2%2Fcomments&post=85308"}],"version-history":[{"count":1,"href":"https:\/\/estado29.mx\/index.php?rest_route=\/wp\/v2\/posts\/85308\/revisions"}],"predecessor-version":[{"id":85310,"href":"https:\/\/estado29.mx\/index.php?rest_route=\/wp\/v2\/posts\/85308\/revisions\/85310"}],"wp:attachment":[{"href":"https:\/\/estado29.mx\/index.php?rest_route=%2Fwp%2Fv2%2Fmedia&parent=85308"}],"wp:term":[{"taxonomy":"category","embeddable":true,"href":"https:\/\/estado29.mx\/index.php?rest_route=%2Fwp%2Fv2%2Fcategories&post=85308"},{"taxonomy":"post_tag","embeddable":true,"href":"https:\/\/estado29.mx\/index.php?rest_route=%2Fwp%2Fv2%2Ftags&post=85308"}],"curies":[{"name":"wp","href":"https:\/\/api.w.org\/{rel}","templated":true}]}}