{"id":85311,"date":"2023-03-29T01:47:40","date_gmt":"2023-03-29T01:47:40","guid":{"rendered":"https:\/\/estado29.mx\/?p=85311"},"modified":"2023-03-29T01:47:41","modified_gmt":"2023-03-29T01:47:41","slug":"inician-en-ixtenco-campana-de-concientizacion-para-el-cuidado-del-agua","status":"publish","type":"post","link":"https:\/\/estado29.mx\/?p=85311","title":{"rendered":"Inician en Ixtenco campa\u00f1a de concientizaci\u00f3n para el cuidado del agua."},"content":{"rendered":"\n<figure class=\"wp-block-image size-full\"><img loading=\"lazy\" decoding=\"async\" width=\"350\" height=\"200\" src=\"https:\/\/estado29.mx\/wp-content\/uploads\/2023\/03\/IMG-20230328-WA0013.jpg\" alt=\"\" class=\"wp-image-85312\" srcset=\"https:\/\/estado29.mx\/wp-content\/uploads\/2023\/03\/IMG-20230328-WA0013.jpg 350w, https:\/\/estado29.mx\/wp-content\/uploads\/2023\/03\/IMG-20230328-WA0013-300x171.jpg 300w\" sizes=\"auto, (max-width: 350px) 100vw, 350px\" \/><\/figure>\n\n\n\n<p>Ante la presente temporada de estiaje, Renato S\u00e1nchez Rojas, presidente municipal de Ixtenco, mencion\u00f3 que como parte de las medidas de prevenci\u00f3n que se realizan a trav\u00e9s de la administraci\u00f3n que encabeza, se ha iniciado una campa\u00f1a de concientizaci\u00f3n a los pobladores, respecto al cuidado del agua, ya que los pozos con los que se cuenta en el lugar, han disminuido el nivel de abastecimiento \u201cactualmente, como usted sabe, estamos en \u00e9poca de estiaje, esto implica tambi\u00e9n un esfuerzo doble porque los pozos disminuyen su nivel de productividad y bueno, en este sentido, nosotros hemos empezado una campa\u00f1a de concientizaci\u00f3n, a la gente, porque es necesario cuidar el agua\u201d.<\/p>\n\n\n\n<p><br>El edil, agreg\u00f3 que hasta el momento no se ha interrumpido el servicio, por lo que una de las medidas fue crear conciencia respecto al cuidado del vital l\u00edquido, pues a\u00fan no se han registrado lluvias para que los mantos acu\u00edferos puedan recargarse \u201cno se han interrumpido los servicios p\u00fablicos, es importante que la ciudadan\u00eda tambi\u00e9n haga conciencia de que esta es una etapa complicada, adem\u00e1s no ha llovido, entonces es importante la contribuci\u00f3n de los ciudadanos\u201d.<\/p>\n\n\n\n<p><br>Finalmente, el alcalde resalt\u00f3 la importancia de la contribuci\u00f3n de los pobladores hacia el cuidado del agua.<\/p>\n","protected":false},"excerpt":{"rendered":"<p>Ante la presente temporada de estiaje, Renato S\u00e1nchez Rojas, presidente municipal de Ixtenco, mencion\u00f3 que como parte de las medidas de prevenci\u00f3n que se realizan a trav\u00e9s de la administraci\u00f3n que encabeza, se ha iniciado una campa\u00f1a de concientizaci\u00f3n a los pobladores, respecto al cuidado del agua, ya que los pozos con los que se [&hellip;]<\/p>\n","protected":false},"author":7,"featured_media":0,"comment_status":"open","ping_status":"open","sticky":false,"template":"","format":"standard","meta":{"om_disable_all_campaigns":false,"_monsterinsights_skip_tracking":false,"_monsterinsights_sitenote_active":false,"_monsterinsights_sitenote_note":"","_monsterinsights_sitenote_category":0,"jnews-multi-image_gallery":[],"jnews_single_post":{"subtitle":"","format":"standard","video":"","gallery":"","source_name":"","source_url":"","via_name":"","via_url":"","override_template":"0","override":[{"template":"1","single_blog_custom":"","parallax":"1","fullscreen":"1","layout":"right-sidebar","sidebar":"default-sidebar","second_sidebar":"default-sidebar","sticky_sidebar":"1","share_position":"top","share_float_style":"share-monocrhome","show_share_counter":"1","show_view_counter":"1","show_featured":"1","show_post_meta":"1","show_post_author":"1","show_post_author_image":"1","show_post_date":"1","post_date_format":"default","post_date_format_custom":"Y\/m\/d","show_post_category":"1","show_post_reading_time":"0","post_reading_time_wpm":"300","show_zoom_button":"0","zoom_button_out_step":"2","zoom_button_in_step":"3","show_post_tag":"1","show_prev_next_post":"1","show_popup_post":"1","number_popup_post":"1","show_author_box":"1","show_post_related":"0","show_inline_post_related":"0"}],"override_image_size":"0","image_override":[{"single_post_thumbnail_size":"crop-500","single_post_gallery_size":"crop-500"}],"trending_post":"0","trending_post_position":"meta","trending_post_label":"Trending","sponsored_post":"0","sponsored_post_label":"Sponsored by","sponsored_post_name":"","sponsored_post_url":"","sponsored_post_logo_enable":"0","sponsored_post_logo":"","sponsored_post_desc":"","disable_ad":"0"},"jnews_primary_category":{"id":""},"footnotes":""},"categories":[1],"tags":[],"class_list":["post-85311","post","type-post","status-publish","format-standard","hentry","category-uncategorized"],"aioseo_notices":[],"_links":{"self":[{"href":"https:\/\/estado29.mx\/index.php?rest_route=\/wp\/v2\/posts\/85311","targetHints":{"allow":["GET"]}}],"collection":[{"href":"https:\/\/estado29.mx\/index.php?rest_route=\/wp\/v2\/posts"}],"about":[{"href":"https:\/\/estado29.mx\/index.php?rest_route=\/wp\/v2\/types\/post"}],"author":[{"embeddable":true,"href":"https:\/\/estado29.mx\/index.php?rest_route=\/wp\/v2\/users\/7"}],"replies":[{"embeddable":true,"href":"https:\/\/estado29.mx\/index.php?rest_route=%2Fwp%2Fv2%2Fcomments&post=85311"}],"version-history":[{"count":1,"href":"https:\/\/estado29.mx\/index.php?rest_route=\/wp\/v2\/posts\/85311\/revisions"}],"predecessor-version":[{"id":85313,"href":"https:\/\/estado29.mx\/index.php?rest_route=\/wp\/v2\/posts\/85311\/revisions\/85313"}],"wp:attachment":[{"href":"https:\/\/estado29.mx\/index.php?rest_route=%2Fwp%2Fv2%2Fmedia&parent=85311"}],"wp:term":[{"taxonomy":"category","embeddable":true,"href":"https:\/\/estado29.mx\/index.php?rest_route=%2Fwp%2Fv2%2Fcategories&post=85311"},{"taxonomy":"post_tag","embeddable":true,"href":"https:\/\/estado29.mx\/index.php?rest_route=%2Fwp%2Fv2%2Ftags&post=85311"}],"curies":[{"name":"wp","href":"https:\/\/api.w.org\/{rel}","templated":true}]}}