{"id":85359,"date":"2023-03-29T02:56:30","date_gmt":"2023-03-29T02:56:30","guid":{"rendered":"https:\/\/estado29.mx\/?p=85359"},"modified":"2023-03-29T02:56:33","modified_gmt":"2023-03-29T02:56:33","slug":"museo-nacional-del-titere-rosete-aranda-se-unira-a-noches-de-museo","status":"publish","type":"post","link":"https:\/\/estado29.mx\/?p=85359","title":{"rendered":"Museo Nacional del T\u00edtere  Rosete Aranda se unir\u00e1 a Noches de Museo."},"content":{"rendered":"\n<figure class=\"wp-block-image size-large\"><img loading=\"lazy\" decoding=\"async\" width=\"1024\" height=\"768\" src=\"https:\/\/estado29.mx\/wp-content\/uploads\/2023\/03\/IMG_20230316_151342-min-1-1024x768.jpg\" alt=\"\" class=\"wp-image-85360\" srcset=\"https:\/\/estado29.mx\/wp-content\/uploads\/2023\/03\/IMG_20230316_151342-min-1-1024x768.jpg 1024w, https:\/\/estado29.mx\/wp-content\/uploads\/2023\/03\/IMG_20230316_151342-min-1-300x225.jpg 300w, https:\/\/estado29.mx\/wp-content\/uploads\/2023\/03\/IMG_20230316_151342-min-1-768x576.jpg 768w, https:\/\/estado29.mx\/wp-content\/uploads\/2023\/03\/IMG_20230316_151342-min-1-1536x1152.jpg 1536w, https:\/\/estado29.mx\/wp-content\/uploads\/2023\/03\/IMG_20230316_151342-min-1-2048x1536.jpg 2048w, https:\/\/estado29.mx\/wp-content\/uploads\/2023\/03\/IMG_20230316_151342-min-1-750x563.jpg 750w, https:\/\/estado29.mx\/wp-content\/uploads\/2023\/03\/IMG_20230316_151342-min-1-1140x855.jpg 1140w\" sizes=\"auto, (max-width: 1024px) 100vw, 1024px\" \/><\/figure>\n\n\n\n<p>Ignacio Antonio Tapia Ch\u00e1varri, Director del Museo Nacional del T\u00edtere Rosete Aranda en Huamantla, a trav\u00e9s de Radio Huamantla y el portal digital informativo, Estado 29 hace la invitaci\u00f3n a los pobladores del municipio y sus alrededores a las \u201cNoches de Museo\u201d, ser\u00e1 el pr\u00f3ximo mi\u00e9rcoles 29 de marzo que el museo abrir\u00e1 sus puertas al p\u00fablico, en un horario de cinco de la tarde a ocho de la noche.<\/p>\n\n\n\n<p><br>Tapia Ch\u00e1varri, dijo que este tipo de eventos se realizar\u00e1n el \u00faltimo mi\u00e9rcoles de cada mes, y que es a trav\u00e9s de la Secretar\u00eda de Cultura de Estado se est\u00e1n implementando estas acciones con el fin de que la ciudadan\u00eda tenga conocimiento de los t\u00edteres y su historia \u201cy yo creo que ya pronto, el 29 de marzo para aprovechar, que es previo a las vacaciones ya, por instrucciones del Secretario de Cultura, El Museo Nacional del T\u00edtere, se une a Noches de Museo\u201d.<\/p>\n\n\n\n<p><br>\u201c es el \u00faltimo mi\u00e9rcoles de cada mes, y este 29 de marzo que es el \u00faltimo mi\u00e9rcoles del mes, tendremos nuestras puertas abiertas, despu\u00e9s del cierre que es a las cinco de la tarde y hasta las ocho de la noche\u201d.<\/p>\n\n\n\n<p><br>El Director del Museo Nacional del T\u00edtere resalt\u00f3 que este tipo de actividades van encaminadas tambi\u00e9n a aquellas personas que trabajan o que tienen un negocio y no les es posible realizar una visita en horario normal \u201cpara que nos puedan visitar aquellos que trabajan, que tienen un negocio, que no lo pueden dejar, para que conozcan tambi\u00e9n el museo\u201d.<\/p>\n\n\n\n<p><br>Finalmente, enfatiz\u00f3 la disposici\u00f3n que tiene el personal de brindar atenci\u00f3n e informaci\u00f3n a los visitantes al museo \u201cel personal que trabaja en este museo, incluy\u00e9ndome, estamos siempre en la mejor disposici\u00f3n de guiar a nuestros visitantes, de darles esa informaci\u00f3n precisa, sobre cada uno de los t\u00edteres cuando sea posible, sobre la colecciones que tenemos y sobre la informaci\u00f3n en general del museo por supuesto, las visitas las hacemos nosotros mismos u pretendemos eso, que la gente sepa por qu\u00e9 el museo est\u00e1 en Huamantla\u201d.<\/p>\n","protected":false},"excerpt":{"rendered":"<p>Ignacio Antonio Tapia Ch\u00e1varri, Director del Museo Nacional del T\u00edtere Rosete Aranda en Huamantla, a trav\u00e9s de Radio Huamantla y el portal digital informativo, Estado 29 hace la invitaci\u00f3n a los pobladores del municipio y sus alrededores a las \u201cNoches de Museo\u201d, ser\u00e1 el pr\u00f3ximo mi\u00e9rcoles 29 de marzo que el museo abrir\u00e1 sus puertas [&hellip;]<\/p>\n","protected":false},"author":7,"featured_media":0,"comment_status":"open","ping_status":"open","sticky":false,"template":"","format":"standard","meta":{"om_disable_all_campaigns":false,"_monsterinsights_skip_tracking":false,"_monsterinsights_sitenote_active":false,"_monsterinsights_sitenote_note":"","_monsterinsights_sitenote_category":0,"jnews-multi-image_gallery":[],"jnews_single_post":{"subtitle":"","format":"standard","video":"","gallery":"","source_name":"","source_url":"","via_name":"","via_url":"","override_template":"0","override":[{"template":"1","single_blog_custom":"","parallax":"1","fullscreen":"1","layout":"right-sidebar","sidebar":"default-sidebar","second_sidebar":"default-sidebar","sticky_sidebar":"1","share_position":"top","share_float_style":"share-monocrhome","show_share_counter":"1","show_view_counter":"1","show_featured":"1","show_post_meta":"1","show_post_author":"1","show_post_author_image":"1","show_post_date":"1","post_date_format":"default","post_date_format_custom":"Y\/m\/d","show_post_category":"1","show_post_reading_time":"0","post_reading_time_wpm":"300","show_zoom_button":"0","zoom_button_out_step":"2","zoom_button_in_step":"3","show_post_tag":"1","show_prev_next_post":"1","show_popup_post":"1","number_popup_post":"1","show_author_box":"1","show_post_related":"0","show_inline_post_related":"0"}],"override_image_size":"0","image_override":[{"single_post_thumbnail_size":"crop-500","single_post_gallery_size":"crop-500"}],"trending_post":"0","trending_post_position":"meta","trending_post_label":"Trending","sponsored_post":"0","sponsored_post_label":"Sponsored by","sponsored_post_name":"","sponsored_post_url":"","sponsored_post_logo_enable":"0","sponsored_post_logo":"","sponsored_post_desc":"","disable_ad":"0"},"jnews_primary_category":{"id":""},"footnotes":""},"categories":[1],"tags":[],"class_list":["post-85359","post","type-post","status-publish","format-standard","hentry","category-uncategorized"],"aioseo_notices":[],"_links":{"self":[{"href":"https:\/\/estado29.mx\/index.php?rest_route=\/wp\/v2\/posts\/85359","targetHints":{"allow":["GET"]}}],"collection":[{"href":"https:\/\/estado29.mx\/index.php?rest_route=\/wp\/v2\/posts"}],"about":[{"href":"https:\/\/estado29.mx\/index.php?rest_route=\/wp\/v2\/types\/post"}],"author":[{"embeddable":true,"href":"https:\/\/estado29.mx\/index.php?rest_route=\/wp\/v2\/users\/7"}],"replies":[{"embeddable":true,"href":"https:\/\/estado29.mx\/index.php?rest_route=%2Fwp%2Fv2%2Fcomments&post=85359"}],"version-history":[{"count":1,"href":"https:\/\/estado29.mx\/index.php?rest_route=\/wp\/v2\/posts\/85359\/revisions"}],"predecessor-version":[{"id":85361,"href":"https:\/\/estado29.mx\/index.php?rest_route=\/wp\/v2\/posts\/85359\/revisions\/85361"}],"wp:attachment":[{"href":"https:\/\/estado29.mx\/index.php?rest_route=%2Fwp%2Fv2%2Fmedia&parent=85359"}],"wp:term":[{"taxonomy":"category","embeddable":true,"href":"https:\/\/estado29.mx\/index.php?rest_route=%2Fwp%2Fv2%2Fcategories&post=85359"},{"taxonomy":"post_tag","embeddable":true,"href":"https:\/\/estado29.mx\/index.php?rest_route=%2Fwp%2Fv2%2Ftags&post=85359"}],"curies":[{"name":"wp","href":"https:\/\/api.w.org\/{rel}","templated":true}]}}