{"id":85406,"date":"2023-03-30T16:22:25","date_gmt":"2023-03-30T16:22:25","guid":{"rendered":"https:\/\/estado29.mx\/?p=85406"},"modified":"2023-03-30T16:22:27","modified_gmt":"2023-03-30T16:22:27","slug":"la-produccion-de-investigacion-y-conocimiento-transforma-a-la-sociedad-rector","status":"publish","type":"post","link":"https:\/\/estado29.mx\/?p=85406","title":{"rendered":"La producci\u00f3n de investigaci\u00f3n y conocimiento transforma a la sociedad: Rector"},"content":{"rendered":"\n<p><strong>\u2022\u00a0\u00a0\u00a0\u00a0\u00a0\u00a0\u00a0\u00a0\u00a0 Lleva a cabo UATx encuentro nacional e internacional de cuerpos acad\u00e9micos en Odontolog\u00eda<\/strong><\/p>\n\n\n\n<p>El Doctor Seraf\u00edn Ortiz Ortiz, Rector de la Universidad Aut\u00f3noma de Tlaxcala, asegur\u00f3 que, para la UATx, la realizaci\u00f3n de foros acad\u00e9micos son fundamentales, porque se cruzan temas de investigaci\u00f3n y l\u00edneas que construyen redes; muestra de ello, es el convocado para el mes de abril, donde se reflexionar\u00e1 acerca de los contenidos de la iniciativa de ley en humanidades, ciencia y tecnolog\u00eda, porque en esta alma m\u00e1ter, estamos convencidos que la producci\u00f3n de investigaci\u00f3n y conocimiento es, probablemente, el \u00fanico indicador que transforma en esencia a las sociedades.<\/p>\n\n\n\n<p>Lo anterior, en el marco de la inauguraci\u00f3n del \u201cXV Encuentro nacional e internacional de cuerpos acad\u00e9micos y grupos de investigaci\u00f3n en Odontolog\u00eda\u201d, que re\u00fane a representantes de Zacatecas, Veracruz, Sinaloa, Puebla, Chihuahua, Nuevo Le\u00f3n, Tlaxcala y de Espa\u00f1a, efectuada en las instalaciones del Centro Cultural Universitario (CCU).<\/p>\n\n\n\n<p>En este evento, organizado por la Facultad de Odontolog\u00eda, el Consejo Nacional de Cuerpos Acad\u00e9micos en Odontolog\u00eda (CONACAO) y el Cuerpo Acad\u00e9mico (CA) Salud y Epidemiolog\u00eda, el Doctor Seraf\u00edn Ortiz agreg\u00f3 que, la \u00fanica forma de que la innovaci\u00f3n, el hallazgo, el descubrimiento y conocimiento fluyan, es a trav\u00e9s de la universalidad de la sabidur\u00eda y eso solamente se puede construir a trav\u00e9s del trabajo colegiado de los cuerpos acad\u00e9micos, aspecto que permite que las disciplinas avancen en la construcci\u00f3n de saberes.<\/p>\n\n\n\n<p>Subray\u00f3 que, la ruta que sigue la educaci\u00f3n superior en M\u00e9xico, es hacia un proceso de transformaci\u00f3n y de transici\u00f3n en el marco de ley general respectiva, la cual marca principios esenciales como equidad, inclusi\u00f3n y la excelencia, siendo esta \u00faltima, un tema no menor y, en este sentido, desde la Aut\u00f3noma de Tlaxcala, se han construido criterios objetivos para alcanzarla, ya que es el pin\u00e1culo de los saberes, es el espacio a donde llega todo el conocimiento.<\/p>\n\n\n\n<p>En su intervenci\u00f3n, la Doctora Guadalupe Rosal\u00eda Capetillo Hern\u00e1ndez, Presidenta del CONACAO apunt\u00f3 que, los cuerpos acad\u00e9micos, son una fuerza motriz del desarrollo institucional y participan activamente en redes acad\u00e9micas nacionales y extranjeras para potencializar la investigaci\u00f3n y el conocimiento.<\/p>\n\n\n\n<p>Precis\u00f3 que, este congreso nacional e internacional, se realiza cada a\u00f1o y la Aut\u00f3noma de Tlaxcala ha sido tres veces sede de este importante evento, distingui\u00e9ndose como una excelente gestora del desarrollo acad\u00e9mico de los productos que se han generado en los mismos.&nbsp;<\/p>\n\n\n\n<p>Por su parte, la Doctora Aurora Lucero Reyes, Directora de la Facultad de Odontolog\u00eda, coment\u00f3 que, el objetivo de este evento, es acercar a los estudiantes los marcos de referencia que les permitan ejercer de la manera profesional la disciplina y atender las necesidades de la comunidad de forma eficiente y con calidad, por tanto, la UATx y el \u00e1rea que dirige, se convierten en el escenario ideal de intercambio de conocimientos y saberes en materia de odontolog\u00eda en el pa\u00eds.<\/p>\n\n\n\n<p>En el acto, se dieron cita, el Doctor Fernando Mart\u00ednez Arroniz, Director de la Facultad de Odontolog\u00eda de la Benem\u00e9rita Universidad Aut\u00f3noma de Puebla (BUAP); el Doctor \u00c1ngel Alberto Olea Rivera, Coordinador Delegacional de Estomatolog\u00eda del IMSS Tlaxcala; la Doctora Pilar D\u00edaz Mote, Supervisora de Estomatolog\u00eda del OOAT IMSS Tlaxcala; as\u00ed como de los ponentes Doctor Carlos Monteagudo, de la Universidad Nacional Aut\u00f3noma de M\u00e9xico (UNAM); y el Doctor Carlos Oteo, de Madrid, Espa\u00f1a.<\/p>\n","protected":false},"excerpt":{"rendered":"<p>\u2022\u00a0\u00a0\u00a0\u00a0\u00a0\u00a0\u00a0\u00a0\u00a0 Lleva a cabo UATx encuentro nacional e internacional de cuerpos acad\u00e9micos en Odontolog\u00eda El Doctor Seraf\u00edn Ortiz Ortiz, Rector de la Universidad Aut\u00f3noma de Tlaxcala, asegur\u00f3 que, para la UATx, la realizaci\u00f3n de foros acad\u00e9micos son fundamentales, porque se cruzan temas de investigaci\u00f3n y l\u00edneas que construyen redes; muestra de ello, es el convocado [&hellip;]<\/p>\n","protected":false},"author":4,"featured_media":85407,"comment_status":"open","ping_status":"open","sticky":false,"template":"","format":"standard","meta":{"om_disable_all_campaigns":false,"_monsterinsights_skip_tracking":false,"_monsterinsights_sitenote_active":false,"_monsterinsights_sitenote_note":"","_monsterinsights_sitenote_category":0,"jnews-multi-image_gallery":[],"jnews_single_post":{"subtitle":"","format":"standard","video":"","gallery":"","source_name":"","source_url":"","via_name":"","via_url":"","override_template":"0","override":[{"template":"1","single_blog_custom":"","parallax":"1","fullscreen":"1","layout":"right-sidebar","sidebar":"default-sidebar","second_sidebar":"default-sidebar","sticky_sidebar":"1","share_position":"top","share_float_style":"share-monocrhome","show_share_counter":"1","show_view_counter":"1","show_featured":"1","show_post_meta":"1","show_post_author":"1","show_post_author_image":"1","show_post_date":"1","post_date_format":"default","post_date_format_custom":"Y\/m\/d","show_post_category":"1","show_post_reading_time":"0","post_reading_time_wpm":"300","show_zoom_button":"0","zoom_button_out_step":"2","zoom_button_in_step":"3","show_post_tag":"1","show_prev_next_post":"1","show_popup_post":"1","number_popup_post":"1","show_author_box":"1","show_post_related":"0","show_inline_post_related":"0"}],"override_image_size":"0","image_override":[{"single_post_thumbnail_size":"crop-500","single_post_gallery_size":"crop-500"}],"trending_post":"0","trending_post_position":"meta","trending_post_label":"Trending","sponsored_post":"0","sponsored_post_label":"Sponsored by","sponsored_post_name":"","sponsored_post_url":"","sponsored_post_logo_enable":"0","sponsored_post_logo":"","sponsored_post_desc":"","disable_ad":"0"},"jnews_primary_category":{"id":""},"footnotes":""},"categories":[80,43],"tags":[132,110,96,310],"class_list":["post-85406","post","type-post","status-publish","format-standard","has-post-thumbnail","hentry","category-educacion","category-estado","tag-educacion","tag-municipios","tag-tlaxcala","tag-uatx"],"aioseo_notices":[],"_links":{"self":[{"href":"https:\/\/estado29.mx\/index.php?rest_route=\/wp\/v2\/posts\/85406","targetHints":{"allow":["GET"]}}],"collection":[{"href":"https:\/\/estado29.mx\/index.php?rest_route=\/wp\/v2\/posts"}],"about":[{"href":"https:\/\/estado29.mx\/index.php?rest_route=\/wp\/v2\/types\/post"}],"author":[{"embeddable":true,"href":"https:\/\/estado29.mx\/index.php?rest_route=\/wp\/v2\/users\/4"}],"replies":[{"embeddable":true,"href":"https:\/\/estado29.mx\/index.php?rest_route=%2Fwp%2Fv2%2Fcomments&post=85406"}],"version-history":[{"count":1,"href":"https:\/\/estado29.mx\/index.php?rest_route=\/wp\/v2\/posts\/85406\/revisions"}],"predecessor-version":[{"id":85408,"href":"https:\/\/estado29.mx\/index.php?rest_route=\/wp\/v2\/posts\/85406\/revisions\/85408"}],"wp:featuredmedia":[{"embeddable":true,"href":"https:\/\/estado29.mx\/index.php?rest_route=\/wp\/v2\/media\/85407"}],"wp:attachment":[{"href":"https:\/\/estado29.mx\/index.php?rest_route=%2Fwp%2Fv2%2Fmedia&parent=85406"}],"wp:term":[{"taxonomy":"category","embeddable":true,"href":"https:\/\/estado29.mx\/index.php?rest_route=%2Fwp%2Fv2%2Fcategories&post=85406"},{"taxonomy":"post_tag","embeddable":true,"href":"https:\/\/estado29.mx\/index.php?rest_route=%2Fwp%2Fv2%2Ftags&post=85406"}],"curies":[{"name":"wp","href":"https:\/\/api.w.org\/{rel}","templated":true}]}}