{"id":85450,"date":"2023-03-31T16:05:40","date_gmt":"2023-03-31T16:05:40","guid":{"rendered":"https:\/\/estado29.mx\/?p=85450"},"modified":"2023-03-31T16:05:41","modified_gmt":"2023-03-31T16:05:41","slug":"se-declara-improcedente-la-solicitud-de-indemnizacion-reclamada-por-leticia-ramos-cuautle","status":"publish","type":"post","link":"https:\/\/estado29.mx\/?p=85450","title":{"rendered":"Se declara improcedente la solicitud de indemnizaci\u00f3n reclamada por Leticia Ramos Cuautle"},"content":{"rendered":"\n<p>\u00b7&nbsp;&nbsp;&nbsp;&nbsp;&nbsp;&nbsp;<em>Por decisi\u00f3n un\u00e1nime el Pleno de la LXIV Legislatura resolvi\u00f3 el caso de ex magistrada.<\/em><\/p>\n\n\n\n<p><br>Tlaxcala, Tlax.,a 30 de marzo de 2023<\/p>\n\n\n\n<p>Durante la vig\u00e9sima segunda sesi\u00f3n ordinaria de la LXIV Legislatura, la Comisi\u00f3n Especial creada por acuerdo de la Junta de Coordinaci\u00f3n y Concertaci\u00f3n Pol\u00edtica, misma a la que se le pidi\u00f3 conocer la solicitud emitida por Leticia Ramos Cuatle, analiz\u00f3 la procedencia o improcedencia de la acci\u00f3n reclamada por la ex magistrada y emiti\u00f3 el dictamen correspondiente ante el Pleno.<\/p>\n\n\n\n<p>La Comisi\u00f3n Especial dictamin\u00f3 como improcedente la solicitud de indemnizaci\u00f3n por responsabilidad patrimonial del Estado, reclamada por Leticia Ramos Cuautle, en la que se\u00f1al\u00f3 como actividad administrativa irregular la aprobaci\u00f3n por parte de la LXIII Legislatura del Congreso del Estado de Tlaxcala del Acuerdo de fecha diecinueve de octubre del a\u00f1o dos mil dieciocho, mediante el cual se ratific\u00f3 en el cargo de magistrado del Tribunal Superior de Justicia del Estado de Tlaxcala, a Fernando Bernal&nbsp;&nbsp;Salazar y se dej\u00f3 en consecuencia sin efectos la designaci\u00f3n de Leticia Ramos Cuautle, en el cargo de magistrada interina.&nbsp;<\/p>\n\n\n\n<p>Por consiguiente, se realizar\u00e1 la notificaci\u00f3n correspondiente a Leticia Ramos Cuautle y se archivar\u00e1 el expediente, como asunto totalmente concluido.&nbsp;<\/p>\n","protected":false},"excerpt":{"rendered":"<p>\u00b7&nbsp;&nbsp;&nbsp;&nbsp;&nbsp;&nbsp;Por decisi\u00f3n un\u00e1nime el Pleno de la LXIV Legislatura resolvi\u00f3 el caso de ex magistrada. Tlaxcala, Tlax.,a 30 de marzo de 2023 Durante la vig\u00e9sima segunda sesi\u00f3n ordinaria de la LXIV Legislatura, la Comisi\u00f3n Especial creada por acuerdo de la Junta de Coordinaci\u00f3n y Concertaci\u00f3n Pol\u00edtica, misma a la que se le pidi\u00f3 conocer la [&hellip;]<\/p>\n","protected":false},"author":4,"featured_media":85451,"comment_status":"open","ping_status":"open","sticky":false,"template":"","format":"standard","meta":{"om_disable_all_campaigns":false,"_monsterinsights_skip_tracking":false,"_monsterinsights_sitenote_active":false,"_monsterinsights_sitenote_note":"","_monsterinsights_sitenote_category":0,"jnews-multi-image_gallery":[],"jnews_single_post":{"subtitle":"","format":"standard","video":"","gallery":"","source_name":"","source_url":"","via_name":"","via_url":"","override_template":"0","override":[{"template":"1","single_blog_custom":"","parallax":"1","fullscreen":"1","layout":"right-sidebar","sidebar":"default-sidebar","second_sidebar":"default-sidebar","sticky_sidebar":"1","share_position":"top","share_float_style":"share-monocrhome","show_share_counter":"1","show_view_counter":"1","show_featured":"1","show_post_meta":"1","show_post_author":"1","show_post_author_image":"1","show_post_date":"1","post_date_format":"default","post_date_format_custom":"Y\/m\/d","show_post_category":"1","show_post_reading_time":"0","post_reading_time_wpm":"300","show_zoom_button":"0","zoom_button_out_step":"2","zoom_button_in_step":"3","show_post_tag":"1","show_prev_next_post":"1","show_popup_post":"1","number_popup_post":"1","show_author_box":"1","show_post_related":"0","show_inline_post_related":"0"}],"override_image_size":"0","image_override":[{"single_post_thumbnail_size":"crop-500","single_post_gallery_size":"crop-500"}],"trending_post":"0","trending_post_position":"meta","trending_post_label":"Trending","sponsored_post":"0","sponsored_post_label":"Sponsored by","sponsored_post_name":"","sponsored_post_url":"","sponsored_post_logo_enable":"0","sponsored_post_logo":"","sponsored_post_desc":"","disable_ad":"0"},"jnews_primary_category":{"id":""},"footnotes":""},"categories":[53,43],"tags":[180,110,96],"class_list":["post-85450","post","type-post","status-publish","format-standard","has-post-thumbnail","hentry","category-congreso","category-estado","tag-congreso-del-estado","tag-municipios","tag-tlaxcala"],"aioseo_notices":[],"_links":{"self":[{"href":"https:\/\/estado29.mx\/index.php?rest_route=\/wp\/v2\/posts\/85450","targetHints":{"allow":["GET"]}}],"collection":[{"href":"https:\/\/estado29.mx\/index.php?rest_route=\/wp\/v2\/posts"}],"about":[{"href":"https:\/\/estado29.mx\/index.php?rest_route=\/wp\/v2\/types\/post"}],"author":[{"embeddable":true,"href":"https:\/\/estado29.mx\/index.php?rest_route=\/wp\/v2\/users\/4"}],"replies":[{"embeddable":true,"href":"https:\/\/estado29.mx\/index.php?rest_route=%2Fwp%2Fv2%2Fcomments&post=85450"}],"version-history":[{"count":1,"href":"https:\/\/estado29.mx\/index.php?rest_route=\/wp\/v2\/posts\/85450\/revisions"}],"predecessor-version":[{"id":85452,"href":"https:\/\/estado29.mx\/index.php?rest_route=\/wp\/v2\/posts\/85450\/revisions\/85452"}],"wp:featuredmedia":[{"embeddable":true,"href":"https:\/\/estado29.mx\/index.php?rest_route=\/wp\/v2\/media\/85451"}],"wp:attachment":[{"href":"https:\/\/estado29.mx\/index.php?rest_route=%2Fwp%2Fv2%2Fmedia&parent=85450"}],"wp:term":[{"taxonomy":"category","embeddable":true,"href":"https:\/\/estado29.mx\/index.php?rest_route=%2Fwp%2Fv2%2Fcategories&post=85450"},{"taxonomy":"post_tag","embeddable":true,"href":"https:\/\/estado29.mx\/index.php?rest_route=%2Fwp%2Fv2%2Ftags&post=85450"}],"curies":[{"name":"wp","href":"https:\/\/api.w.org\/{rel}","templated":true}]}}