{"id":85466,"date":"2023-03-31T19:44:57","date_gmt":"2023-03-31T19:44:57","guid":{"rendered":"https:\/\/estado29.mx\/?p=85466"},"modified":"2023-03-31T21:04:50","modified_gmt":"2023-03-31T21:04:50","slug":"listo-personaje-que-representara-a-jesus-viacrucis-semana-santa-2023-en-tequexquitla","status":"publish","type":"post","link":"https:\/\/estado29.mx\/?p=85466","title":{"rendered":"Listo personaje que representar\u00e1 a Jes\u00fas en Viacrucis Semana Santa 2023 en Tequexquitla."},"content":{"rendered":"\n<figure class=\"wp-block-image size-large is-resized\"><img loading=\"lazy\" decoding=\"async\" src=\"https:\/\/estado29.mx\/wp-content\/uploads\/2023\/03\/IMG_20230331_112221-min-768x1024.jpg\" alt=\"\" class=\"wp-image-85467\" width=\"302\" height=\"403\" srcset=\"https:\/\/estado29.mx\/wp-content\/uploads\/2023\/03\/IMG_20230331_112221-min-768x1024.jpg 768w, https:\/\/estado29.mx\/wp-content\/uploads\/2023\/03\/IMG_20230331_112221-min-225x300.jpg 225w, https:\/\/estado29.mx\/wp-content\/uploads\/2023\/03\/IMG_20230331_112221-min-1152x1536.jpg 1152w, https:\/\/estado29.mx\/wp-content\/uploads\/2023\/03\/IMG_20230331_112221-min-1536x2048.jpg 1536w, https:\/\/estado29.mx\/wp-content\/uploads\/2023\/03\/IMG_20230331_112221-min-750x1000.jpg 750w, https:\/\/estado29.mx\/wp-content\/uploads\/2023\/03\/IMG_20230331_112221-min-1140x1520.jpg 1140w, https:\/\/estado29.mx\/wp-content\/uploads\/2023\/03\/IMG_20230331_112221-min-scaled.jpg 1920w\" sizes=\"auto, (max-width: 302px) 100vw, 302px\" \/><\/figure>\n\n\n\n<p>Ramiro Herrera Hern\u00e1ndez, de 34 a\u00f1os de edad, quien en este Viacrucis semana Santa 2023, representar\u00e1 el personaje de Jes\u00fas, en exclusiva para Radio Huamantla y el portal informativo Estado 29, comparti\u00f3 la preparaci\u00f3n que ha llevado para los pr\u00f3ximos d\u00edas y lo que representa para \u00e9l, vivir esta experiencia.<\/p>\n\n\n\n<p><br>En este sentido dijo que las primeras reuniones inician en el mes de agosto para iniciar los trabajos y despu\u00e9s, hacer la invitaci\u00f3n a los pobladores para participar en dicha representaci\u00f3n \u201cnosotros nos preparamos, bueno tenemos la primer junta en el mes de agosto, hacemos una junta previa para ponernos de acuerdo como se va a llevar a cabo el trabajo que se realiza y ya de ah\u00ed, seguir con juntas, el mes de diciembre se hace el aviso a la poblaci\u00f3n que acudan a adquirir un personaje b\u00edblico para apoyarnos en el grupo\u201d.<\/p>\n\n\n\n<figure class=\"wp-block-image size-full\"><img loading=\"lazy\" decoding=\"async\" width=\"720\" height=\"540\" src=\"https:\/\/estado29.mx\/wp-content\/uploads\/2023\/03\/FB_IMG_1680291443453.jpg\" alt=\"\" class=\"wp-image-85468\" srcset=\"https:\/\/estado29.mx\/wp-content\/uploads\/2023\/03\/FB_IMG_1680291443453.jpg 720w, https:\/\/estado29.mx\/wp-content\/uploads\/2023\/03\/FB_IMG_1680291443453-300x225.jpg 300w\" sizes=\"auto, (max-width: 720px) 100vw, 720px\" \/><\/figure>\n\n\n\n<p><br>Asimismo, resalt\u00f3 que por medio de su fe, fue que busc\u00f3 representar al personaje de Jes\u00fas y as\u00ed, poder transmitir el mensaje a los pobladores \u201cde hecho es la inquietud nuestra, nuestra devoci\u00f3n, nuestra fe que no gu\u00eda a eso a querer representar alg\u00fan personaje, bueno, mi inquietud y mi fe representar a Jes\u00fas, llevar a cabo el mensaje que \u00e9l nos dej\u00f3, a toda la poblaci\u00f3n llevarles, darles a conocer el mensaje que nos dej\u00f3\u201d.<br>Herrera Hern\u00e1ndez agreg\u00f3 que es pesado representar a Jes\u00fas y que por ello, lleva un tiempo de preparaci\u00f3n previa \u201ces un poquito pesado, pero tambi\u00e9n para eso nos preparamos f\u00edsicamente, espiritualmente, para estar en paz con Dios, con nosotros mismos, f\u00edsicamente, nos ponemos a caminar en arenales, en la tierra caliente, bueno, yo como Jes\u00fas tambi\u00e9n ahorita me estoy preparando, ahorita jalo un tronco para acostumbrarme al peso de la Cruz, estar en condici\u00f3n f\u00edsica, tambi\u00e9n me voy a correr, para soportar todas estas inclemencias, mas que nada del tiempo, ahorita la olas de calor que nos azotan, para m\u00ed representa mucha fe, mas que nada, yo como siempre he dicho, nuestros padres no inculcaron algo no, y pues yo tambi\u00e9n a base de las creencias que me inculcaron mis padres, representar a Jes\u00fas me motiva, la fe cristiana, la fe con Dios\u201d.<\/p>\n\n\n\n<p>Finalmente, hizo la invitaci\u00f3n a los ni\u00f1os y adultos para vivir estas tradiciones y a no olvidarse de Dios \u201cinvito a la ni\u00f1ez y a los adultos a acercarnos un poquito m\u00e1s a Dios, a la iglesia, seguir viviendo nuestras tradiciones aqu\u00ed en el pueblo m\u00e1s que nada, no dejar que se apague esto, nosotros lo hacemos con esa intenci\u00f3n, para la poblaci\u00f3n, para los visitantes que vienen a vernos, dejarles el mensaje y no olvidar la fe en Dios\u201d.<\/p>\n\n\n","protected":false},"excerpt":{"rendered":"<p>Ramiro Herrera Hern\u00e1ndez, de 34 a\u00f1os de edad, quien en este Viacrucis semana Santa 2023, representar\u00e1 el personaje de Jes\u00fas, en exclusiva para Radio Huamantla y el portal informativo Estado 29, comparti\u00f3 la preparaci\u00f3n que ha llevado para los pr\u00f3ximos d\u00edas y lo que representa para \u00e9l, vivir esta experiencia. En este sentido dijo que [&hellip;]<\/p>\n","protected":false},"author":7,"featured_media":0,"comment_status":"open","ping_status":"open","sticky":false,"template":"","format":"standard","meta":{"om_disable_all_campaigns":false,"_monsterinsights_skip_tracking":false,"_monsterinsights_sitenote_active":false,"_monsterinsights_sitenote_note":"","_monsterinsights_sitenote_category":0,"jnews-multi-image_gallery":[],"jnews_single_post":{"subtitle":"","format":"standard","video":"","gallery":"","source_name":"","source_url":"","via_name":"","via_url":"","override_template":"0","override":[{"template":"1","single_blog_custom":"","parallax":"1","fullscreen":"1","layout":"right-sidebar","sidebar":"default-sidebar","second_sidebar":"default-sidebar","sticky_sidebar":"1","share_position":"top","share_float_style":"share-monocrhome","show_share_counter":"1","show_view_counter":"1","show_featured":"1","show_post_meta":"1","show_post_author":"1","show_post_author_image":"1","show_post_date":"1","post_date_format":"default","post_date_format_custom":"Y\/m\/d","show_post_category":"1","show_post_reading_time":"0","post_reading_time_wpm":"300","show_zoom_button":"0","zoom_button_out_step":"2","zoom_button_in_step":"3","show_post_tag":"1","show_prev_next_post":"1","show_popup_post":"1","number_popup_post":"1","show_author_box":"1","show_post_related":"0","show_inline_post_related":"0"}],"override_image_size":"0","image_override":[{"single_post_thumbnail_size":"crop-500","single_post_gallery_size":"crop-500"}],"trending_post":"0","trending_post_position":"meta","trending_post_label":"Trending","sponsored_post":"0","sponsored_post_label":"Sponsored by","sponsored_post_name":"","sponsored_post_url":"","sponsored_post_logo_enable":"0","sponsored_post_logo":"","sponsored_post_desc":"","disable_ad":"0"},"jnews_primary_category":{"id":""},"footnotes":""},"categories":[1],"tags":[],"class_list":["post-85466","post","type-post","status-publish","format-standard","hentry","category-uncategorized"],"aioseo_notices":[],"_links":{"self":[{"href":"https:\/\/estado29.mx\/index.php?rest_route=\/wp\/v2\/posts\/85466","targetHints":{"allow":["GET"]}}],"collection":[{"href":"https:\/\/estado29.mx\/index.php?rest_route=\/wp\/v2\/posts"}],"about":[{"href":"https:\/\/estado29.mx\/index.php?rest_route=\/wp\/v2\/types\/post"}],"author":[{"embeddable":true,"href":"https:\/\/estado29.mx\/index.php?rest_route=\/wp\/v2\/users\/7"}],"replies":[{"embeddable":true,"href":"https:\/\/estado29.mx\/index.php?rest_route=%2Fwp%2Fv2%2Fcomments&post=85466"}],"version-history":[{"count":2,"href":"https:\/\/estado29.mx\/index.php?rest_route=\/wp\/v2\/posts\/85466\/revisions"}],"predecessor-version":[{"id":85471,"href":"https:\/\/estado29.mx\/index.php?rest_route=\/wp\/v2\/posts\/85466\/revisions\/85471"}],"wp:attachment":[{"href":"https:\/\/estado29.mx\/index.php?rest_route=%2Fwp%2Fv2%2Fmedia&parent=85466"}],"wp:term":[{"taxonomy":"category","embeddable":true,"href":"https:\/\/estado29.mx\/index.php?rest_route=%2Fwp%2Fv2%2Fcategories&post=85466"},{"taxonomy":"post_tag","embeddable":true,"href":"https:\/\/estado29.mx\/index.php?rest_route=%2Fwp%2Fv2%2Ftags&post=85466"}],"curies":[{"name":"wp","href":"https:\/\/api.w.org\/{rel}","templated":true}]}}