{"id":85473,"date":"2023-03-31T21:02:03","date_gmt":"2023-03-31T21:02:03","guid":{"rendered":"https:\/\/estado29.mx\/?p=85473"},"modified":"2023-03-31T21:02:05","modified_gmt":"2023-03-31T21:02:05","slug":"realizaran-exposicion-de-galeria-de-viacrucis-de-semana-santa-en-tequexquitla","status":"publish","type":"post","link":"https:\/\/estado29.mx\/?p=85473","title":{"rendered":"Realizar\u00e1n exposici\u00f3n de galer\u00eda de Viacrucis de Semana Santa en Tequexquitla."},"content":{"rendered":"\n<figure class=\"wp-block-image size-large is-resized\"><img loading=\"lazy\" decoding=\"async\" src=\"https:\/\/estado29.mx\/wp-content\/uploads\/2023\/03\/IMG_20230331_112719-min-768x1024.jpg\" alt=\"\" class=\"wp-image-85474\" width=\"329\" height=\"439\" srcset=\"https:\/\/estado29.mx\/wp-content\/uploads\/2023\/03\/IMG_20230331_112719-min-768x1024.jpg 768w, https:\/\/estado29.mx\/wp-content\/uploads\/2023\/03\/IMG_20230331_112719-min-225x300.jpg 225w, https:\/\/estado29.mx\/wp-content\/uploads\/2023\/03\/IMG_20230331_112719-min-1152x1536.jpg 1152w, https:\/\/estado29.mx\/wp-content\/uploads\/2023\/03\/IMG_20230331_112719-min-1536x2048.jpg 1536w, https:\/\/estado29.mx\/wp-content\/uploads\/2023\/03\/IMG_20230331_112719-min-750x1000.jpg 750w, https:\/\/estado29.mx\/wp-content\/uploads\/2023\/03\/IMG_20230331_112719-min-1140x1520.jpg 1140w, https:\/\/estado29.mx\/wp-content\/uploads\/2023\/03\/IMG_20230331_112719-min-scaled.jpg 1920w\" sizes=\"auto, (max-width: 329px) 100vw, 329px\" \/><\/figure>\n\n\n\n<p>V\u00edctor D\u00edaz Morales, Director del Grupo Cristo Rey en El Carmen Tequexquitla, hace la invitaci\u00f3n a pobladores del municipio y lugares cercanos, a la exposici\u00f3n de la galer\u00eda de im\u00e1genes de la trayectoria de la representaci\u00f3n del Viacrucis de la Vida, Pasi\u00f3n y Muerte de Cristo, que se llevar\u00e1 a cabo el pr\u00f3ximo domingo dos de abril, frente al auditorio municipal Benito Ju\u00e1rez, a las dos de la tarde.<\/p>\n\n\n\n<p><br>En este sentido dijo que la representaci\u00f3n en el lugar se realiza desde hace ya cuarenta y dos a\u00f1os \u201cla intenci\u00f3n de la exposici\u00f3n que se va a hacer, son fotograf\u00edas, que se van a manejar de a\u00f1os atrasados, la pandemia me hizo un poco reflexionar por que muchas que se hacen ah\u00ed en la obra, est\u00e1n olvidadas o est\u00e1n en duda porque no saben de d\u00f3nde vienen, c\u00f3mo provienen y la intenci\u00f3n es bajar hasta abajo, hace cuarenta y dos a\u00f1os que empez\u00f3 una representaci\u00f3n m\u00edmica, muda como se le pueda llamar, pues no hab\u00eda di\u00e1logos, solamente se activaban las Siete Palabras, ahora se est\u00e1n recopilando datos desde abajo, de los primeros tres Jes\u00fas que fueron, porque antes se manejaba pues unas mandas o promesas y entre ellos los que estuvieron fue, Pastor Bret\u00f3n, Esteban Hern\u00e1ndez y Silvino V\u00e9lez, del Barrio de Guadalupe\u201d.<\/p>\n\n\n\n<p><br>Resalt\u00f3 que el historial se manejar\u00e1 por im\u00e1genes y nombres de los participantes de cada a\u00f1o \u201cel historial se maneja por fotos y tambi\u00e9n los nombres en aquellos tiempos que participaron, se est\u00e1 dando a conocer porque mucha gente no conoce, antes hab\u00eda poca informaci\u00f3n y llegaron los atuendos de los soldados romanos, con gorras de cart\u00f3n y con unos calzoncillos de colores, cuando que ahora se est\u00e1 armando un vestuario ya normal, lo que es un soldado romano con su faldilla, con su pechera, con su casco y su capa roja\u201d.<\/p>\n\n\n\n<p><br>Invit\u00f3 a los pobladores del municipio y lugares vecinos a revivir la evoluci\u00f3n que ha tenido esta representaci\u00f3n a trav\u00e9s del tiempo \u201cla exposici\u00f3n la tenemos programada para el d\u00eda viernes, pero creo que nos adelantaremos un poquito y la vamos a estar manejar en la explanada el d\u00eda domingo, terminando la misa vamos a manejar los cuatro biongos que se mandaron a implementar con todo el historial de las personas desde hace cuarenta y dos a\u00f1os, entre dos y dos y media de la tarde\u201d.<\/p>\n\n\n\n<p><br>Finalmente, agradeci\u00f3 el apoyo de la presidenta municipal, Aracely Mart\u00ednez Cort\u00e9s \u201cantes que nada dar las gracias a la alcaldesa que nos est\u00e1 dando todas las facilidades para trabajar en conjunto con ella y este, junto con todo su gabinete, de las diferentes instituciones que lo conforman, darle las benditas gracias a esta se\u00f1ora y en conjunto, ella y el Grupo Cristo Rey, invitarlos a que asistan a presenciar este acto de fe que lleva el grupo cristo rey\u201d.<\/p>\n","protected":false},"excerpt":{"rendered":"<p>V\u00edctor D\u00edaz Morales, Director del Grupo Cristo Rey en El Carmen Tequexquitla, hace la invitaci\u00f3n a pobladores del municipio y lugares cercanos, a la exposici\u00f3n de la galer\u00eda de im\u00e1genes de la trayectoria de la representaci\u00f3n del Viacrucis de la Vida, Pasi\u00f3n y Muerte de Cristo, que se llevar\u00e1 a cabo el pr\u00f3ximo domingo dos [&hellip;]<\/p>\n","protected":false},"author":7,"featured_media":0,"comment_status":"open","ping_status":"open","sticky":false,"template":"","format":"standard","meta":{"om_disable_all_campaigns":false,"_monsterinsights_skip_tracking":false,"_monsterinsights_sitenote_active":false,"_monsterinsights_sitenote_note":"","_monsterinsights_sitenote_category":0,"jnews-multi-image_gallery":[],"jnews_single_post":{"subtitle":"","format":"standard","video":"","gallery":"","source_name":"","source_url":"","via_name":"","via_url":"","override_template":"0","override":[{"template":"1","single_blog_custom":"","parallax":"1","fullscreen":"1","layout":"right-sidebar","sidebar":"default-sidebar","second_sidebar":"default-sidebar","sticky_sidebar":"1","share_position":"top","share_float_style":"share-monocrhome","show_share_counter":"1","show_view_counter":"1","show_featured":"1","show_post_meta":"1","show_post_author":"1","show_post_author_image":"1","show_post_date":"1","post_date_format":"default","post_date_format_custom":"Y\/m\/d","show_post_category":"1","show_post_reading_time":"0","post_reading_time_wpm":"300","show_zoom_button":"0","zoom_button_out_step":"2","zoom_button_in_step":"3","show_post_tag":"1","show_prev_next_post":"1","show_popup_post":"1","number_popup_post":"1","show_author_box":"1","show_post_related":"0","show_inline_post_related":"0"}],"override_image_size":"0","image_override":[{"single_post_thumbnail_size":"crop-500","single_post_gallery_size":"crop-500"}],"trending_post":"0","trending_post_position":"meta","trending_post_label":"Trending","sponsored_post":"0","sponsored_post_label":"Sponsored by","sponsored_post_name":"","sponsored_post_url":"","sponsored_post_logo_enable":"0","sponsored_post_logo":"","sponsored_post_desc":"","disable_ad":"0"},"jnews_primary_category":{"id":""},"footnotes":""},"categories":[1],"tags":[],"class_list":["post-85473","post","type-post","status-publish","format-standard","hentry","category-uncategorized"],"aioseo_notices":[],"_links":{"self":[{"href":"https:\/\/estado29.mx\/index.php?rest_route=\/wp\/v2\/posts\/85473","targetHints":{"allow":["GET"]}}],"collection":[{"href":"https:\/\/estado29.mx\/index.php?rest_route=\/wp\/v2\/posts"}],"about":[{"href":"https:\/\/estado29.mx\/index.php?rest_route=\/wp\/v2\/types\/post"}],"author":[{"embeddable":true,"href":"https:\/\/estado29.mx\/index.php?rest_route=\/wp\/v2\/users\/7"}],"replies":[{"embeddable":true,"href":"https:\/\/estado29.mx\/index.php?rest_route=%2Fwp%2Fv2%2Fcomments&post=85473"}],"version-history":[{"count":1,"href":"https:\/\/estado29.mx\/index.php?rest_route=\/wp\/v2\/posts\/85473\/revisions"}],"predecessor-version":[{"id":85475,"href":"https:\/\/estado29.mx\/index.php?rest_route=\/wp\/v2\/posts\/85473\/revisions\/85475"}],"wp:attachment":[{"href":"https:\/\/estado29.mx\/index.php?rest_route=%2Fwp%2Fv2%2Fmedia&parent=85473"}],"wp:term":[{"taxonomy":"category","embeddable":true,"href":"https:\/\/estado29.mx\/index.php?rest_route=%2Fwp%2Fv2%2Fcategories&post=85473"},{"taxonomy":"post_tag","embeddable":true,"href":"https:\/\/estado29.mx\/index.php?rest_route=%2Fwp%2Fv2%2Ftags&post=85473"}],"curies":[{"name":"wp","href":"https:\/\/api.w.org\/{rel}","templated":true}]}}