{"id":85718,"date":"2023-04-17T20:07:03","date_gmt":"2023-04-17T20:07:03","guid":{"rendered":"https:\/\/estado29.mx\/?p=85718"},"modified":"2023-04-17T20:07:04","modified_gmt":"2023-04-17T20:07:04","slug":"arresta-policia-de-tlaxcala-capital-a-ladron-reincidente","status":"publish","type":"post","link":"https:\/\/estado29.mx\/?p=85718","title":{"rendered":"Arresta Polic\u00eda de Tlaxcala Capital a ladr\u00f3n reincidente"},"content":{"rendered":"\n<ul class=\"wp-block-list\"><li><em>El detenido cuenta con numerosos antecedentes penales por robo de veh\u00edculo y alteraci\u00f3n del orden p\u00fablico<\/em><em><\/em><\/li><\/ul>\n\n\n\n<p>Un masculino con m\u00faltiples antecedentes penales fue detenido por elementos de la Direcci\u00f3n de Seguridad Ciudadana y Movilidad del Municipio de Tlaxcala cuando intentaba huir en un veh\u00edculo del que no acredit\u00f3 propiedad.<\/p>\n\n\n\n<p>Fue en un recorrido nocturno, cuando los efectivos detectaron un autom\u00f3vil tipo Chevy, con r\u00f3tulos del Instituto Mexicano de Valores, en actitud evasiva y sospechosa, que, al notar la vigilancia policial intent\u00f3 darse a la fuga.<\/p>\n\n\n\n<p>Luego de una persecuci\u00f3n, la Polic\u00eda capitalina procedi\u00f3 a la detenci\u00f3n de un masculino identificado como Gonzalo \u201cN\u201d., al\u00edas &#8220;El Jarocho&#8221;, quien posee m\u00faltiples antecedentes penales por robo de veh\u00edculo, alteraci\u00f3n al orden p\u00fablico, posesi\u00f3n de objeto apto para agredir y robo de autopartes.<\/p>\n\n\n\n<p>Dentro de su r\u00e9cord delictivo se encuentran nueve puestas a disposici\u00f3n del juzgado municipal y cuatro m\u00e1s al Ministerio P\u00fablico por los delitos antes se\u00f1alados.<\/p>\n\n\n\n<p>Es preciso destacar que horas antes, se hab\u00eda hecho el reporte de un individuo con las caracter\u00edsticas del detenido, tratando de abrir veh\u00edculos en la colonia centro de la capital, situaci\u00f3n a la que se le dio seguimiento hasta lograr la detenci\u00f3n del hoy imputado.<\/p>\n","protected":false},"excerpt":{"rendered":"<p>El detenido cuenta con numerosos antecedentes penales por robo de veh\u00edculo y alteraci\u00f3n del orden p\u00fablico Un masculino con m\u00faltiples antecedentes penales fue detenido por elementos de la Direcci\u00f3n de Seguridad Ciudadana y Movilidad del Municipio de Tlaxcala cuando intentaba huir en un veh\u00edculo del que no acredit\u00f3 propiedad. Fue en un recorrido nocturno, cuando [&hellip;]<\/p>\n","protected":false},"author":4,"featured_media":85719,"comment_status":"open","ping_status":"open","sticky":false,"template":"","format":"standard","meta":{"om_disable_all_campaigns":false,"_monsterinsights_skip_tracking":false,"_monsterinsights_sitenote_active":false,"_monsterinsights_sitenote_note":"","_monsterinsights_sitenote_category":0,"jnews-multi-image_gallery":[],"jnews_single_post":{"subtitle":"","format":"standard","video":"","gallery":"","source_name":"","source_url":"","via_name":"","via_url":"","override_template":"0","override":[{"template":"1","single_blog_custom":"","parallax":"1","fullscreen":"1","layout":"right-sidebar","sidebar":"default-sidebar","second_sidebar":"default-sidebar","sticky_sidebar":"1","share_position":"top","share_float_style":"share-monocrhome","show_share_counter":"1","show_view_counter":"1","show_featured":"1","show_post_meta":"1","show_post_author":"1","show_post_author_image":"1","show_post_date":"1","post_date_format":"default","post_date_format_custom":"Y\/m\/d","show_post_category":"1","show_post_reading_time":"0","post_reading_time_wpm":"300","show_zoom_button":"0","zoom_button_out_step":"2","zoom_button_in_step":"3","show_post_tag":"1","show_prev_next_post":"1","show_popup_post":"1","number_popup_post":"1","show_author_box":"1","show_post_related":"0","show_inline_post_related":"0"}],"override_image_size":"0","image_override":[{"single_post_thumbnail_size":"crop-500","single_post_gallery_size":"crop-500"}],"trending_post":"0","trending_post_position":"meta","trending_post_label":"Trending","sponsored_post":"0","sponsored_post_label":"Sponsored by","sponsored_post_name":"","sponsored_post_url":"","sponsored_post_logo_enable":"0","sponsored_post_logo":"","sponsored_post_desc":"","disable_ad":"0"},"jnews_primary_category":{"id":""},"footnotes":""},"categories":[43],"tags":[110,119,118,96],"class_list":["post-85718","post","type-post","status-publish","format-standard","has-post-thumbnail","hentry","category-estado","tag-municipios","tag-seguridad","tag-ssc","tag-tlaxcala"],"aioseo_notices":[],"_links":{"self":[{"href":"https:\/\/estado29.mx\/index.php?rest_route=\/wp\/v2\/posts\/85718","targetHints":{"allow":["GET"]}}],"collection":[{"href":"https:\/\/estado29.mx\/index.php?rest_route=\/wp\/v2\/posts"}],"about":[{"href":"https:\/\/estado29.mx\/index.php?rest_route=\/wp\/v2\/types\/post"}],"author":[{"embeddable":true,"href":"https:\/\/estado29.mx\/index.php?rest_route=\/wp\/v2\/users\/4"}],"replies":[{"embeddable":true,"href":"https:\/\/estado29.mx\/index.php?rest_route=%2Fwp%2Fv2%2Fcomments&post=85718"}],"version-history":[{"count":1,"href":"https:\/\/estado29.mx\/index.php?rest_route=\/wp\/v2\/posts\/85718\/revisions"}],"predecessor-version":[{"id":85720,"href":"https:\/\/estado29.mx\/index.php?rest_route=\/wp\/v2\/posts\/85718\/revisions\/85720"}],"wp:featuredmedia":[{"embeddable":true,"href":"https:\/\/estado29.mx\/index.php?rest_route=\/wp\/v2\/media\/85719"}],"wp:attachment":[{"href":"https:\/\/estado29.mx\/index.php?rest_route=%2Fwp%2Fv2%2Fmedia&parent=85718"}],"wp:term":[{"taxonomy":"category","embeddable":true,"href":"https:\/\/estado29.mx\/index.php?rest_route=%2Fwp%2Fv2%2Fcategories&post=85718"},{"taxonomy":"post_tag","embeddable":true,"href":"https:\/\/estado29.mx\/index.php?rest_route=%2Fwp%2Fv2%2Ftags&post=85718"}],"curies":[{"name":"wp","href":"https:\/\/api.w.org\/{rel}","templated":true}]}}