{"id":85734,"date":"2023-04-18T19:48:39","date_gmt":"2023-04-18T19:48:39","guid":{"rendered":"https:\/\/estado29.mx\/?p=85734"},"modified":"2023-04-18T19:48:40","modified_gmt":"2023-04-18T19:48:40","slug":"atiende-sistema-estatal-dif-recomendacion-de-la-comision-nacional-de-derechos-humanos","status":"publish","type":"post","link":"https:\/\/estado29.mx\/?p=85734","title":{"rendered":"Atiende sistema estatal DIF recomendaci\u00f3n de la comisi\u00f3n nacional de derechos humanos"},"content":{"rendered":"\n<p>*Se inici\u00f3 con las acciones pertinentes para atender el caso del adolescente hondure\u00f1o en contexto de migraci\u00f3n residente permanente en M\u00e9xico<\/p>\n\n\n\n<p>El Sistema Estatal para el Desarrollo Integral de la Familia (Sedif) en Tlaxcala atendi\u00f3 e inici\u00f3 las acciones para dar cumplimiento a la Recomendaci\u00f3n 25\/2023 dictada por la Comisi\u00f3n Nacional de Derechos Humanos (CNDH) en el caso de violaciones a derechos humanos de un adolescente hondure\u00f1o en contexto de migraci\u00f3n, residente permanente en M\u00e9xico.<\/p>\n\n\n\n<p>Por lo que se giraron las instrucciones necesarias para dar cumplimiento a las recomendaciones a trav\u00e9s de las \u00e1reas correspondientes dentro de esta instituci\u00f3n.<\/p>\n\n\n\n<p>Fue a finales del mes de febrero cuando la CNDH emiti\u00f3 la recomendaci\u00f3n 25\/2023 ante el se\u00f1alamiento de no haber garantizado a un adolescente, de nacionalidad hondure\u00f1a, una atenci\u00f3n efectiva y oportuna al ser residente permanente en M\u00e9xico y contar con el reconocimiento de la condici\u00f3n de refugiado.<\/p>\n\n\n\n<p>Por ello, el Sedif acept\u00f3 la recomendaci\u00f3n emitida por el organismo aut\u00f3nomo y trabaja en el cumplimiento de los puntos se\u00f1alados en los que se encuentra: el dise\u00f1o e impartici\u00f3n de un curso integral sobre capacitaci\u00f3n y formaci\u00f3n en materia de derechos humanos, con la colaboraci\u00f3n de especialistas de la Comisi\u00f3n Estatal de Derechos Humanos (CEDH) en temas como procedimiento administrativo migratorio en lo referente a ni\u00f1as, ni\u00f1os y adolescentes en contexto de migraci\u00f3n reconocidos como refugiados y residentes en M\u00e9xico.<\/p>\n\n\n\n<p>As\u00ed como la relevancia del inter\u00e9s superior de la ni\u00f1ez, dirigido al personal que brinda atenci\u00f3n a las ni\u00f1as, ni\u00f1os y adolescentes en contexto de movilidad humana en los Albergues Temporales para la Ni\u00f1ez Migrante Acompa\u00f1ada y No Acompa\u00f1ada del Sedif.<\/p>\n\n\n\n<p>Tambi\u00e9n, garantizar a la v\u00edctima la atenci\u00f3n m\u00e9dica y psicol\u00f3gica que requiera, colaborar con el \u00d3rgano Interno de Control en el Instituto Nacional de Migraci\u00f3n (INM) en la presentaci\u00f3n y seguimiento de la denuncia administrativa que el organismo nacional presente.<\/p>\n\n\n\n<p>Al respecto, la presidenta honor\u00edfica del Sistema Estatal DIF, Mariana Espinosa de los Monteros Cu\u00e9llar coment\u00f3 que el Sedif trabaja de la mano tanto con la Comisi\u00f3n Nacional como Estatal de Derechos Humanos, de ah\u00ed que se dar\u00e1 puntual seguimiento a las indicaciones hechas al organismo descentralizado estatal.<\/p>\n","protected":false},"excerpt":{"rendered":"<p>*Se inici\u00f3 con las acciones pertinentes para atender el caso del adolescente hondure\u00f1o en contexto de migraci\u00f3n residente permanente en M\u00e9xico El Sistema Estatal para el Desarrollo Integral de la Familia (Sedif) en Tlaxcala atendi\u00f3 e inici\u00f3 las acciones para dar cumplimiento a la Recomendaci\u00f3n 25\/2023 dictada por la Comisi\u00f3n Nacional de Derechos Humanos (CNDH) [&hellip;]<\/p>\n","protected":false},"author":4,"featured_media":85735,"comment_status":"open","ping_status":"open","sticky":false,"template":"","format":"standard","meta":{"om_disable_all_campaigns":false,"_monsterinsights_skip_tracking":false,"_monsterinsights_sitenote_active":false,"_monsterinsights_sitenote_note":"","_monsterinsights_sitenote_category":0,"jnews-multi-image_gallery":[],"jnews_single_post":{"subtitle":"","format":"standard","video":"","gallery":"","source_name":"","source_url":"","via_name":"","via_url":"","override_template":"0","override":[{"template":"1","single_blog_custom":"","parallax":"1","fullscreen":"1","layout":"right-sidebar","sidebar":"default-sidebar","second_sidebar":"default-sidebar","sticky_sidebar":"1","share_position":"top","share_float_style":"share-monocrhome","show_share_counter":"1","show_view_counter":"1","show_featured":"1","show_post_meta":"1","show_post_author":"1","show_post_author_image":"1","show_post_date":"1","post_date_format":"default","post_date_format_custom":"Y\/m\/d","show_post_category":"1","show_post_reading_time":"0","post_reading_time_wpm":"300","show_zoom_button":"0","zoom_button_out_step":"2","zoom_button_in_step":"3","show_post_tag":"1","show_prev_next_post":"1","show_popup_post":"1","number_popup_post":"1","show_author_box":"1","show_post_related":"0","show_inline_post_related":"0"}],"override_image_size":"0","image_override":[{"single_post_thumbnail_size":"crop-500","single_post_gallery_size":"crop-500"}],"trending_post":"0","trending_post_position":"meta","trending_post_label":"Trending","sponsored_post":"0","sponsored_post_label":"Sponsored by","sponsored_post_name":"","sponsored_post_url":"","sponsored_post_logo_enable":"0","sponsored_post_logo":"","sponsored_post_desc":"","disable_ad":"0"},"jnews_primary_category":{"id":""},"footnotes":""},"categories":[43,52],"tags":[686,150,110],"class_list":["post-85734","post","type-post","status-publish","format-standard","has-post-thumbnail","hentry","category-estado","category-gobierno-de-tlaxcala","tag-dif","tag-gobierno-del-estado","tag-municipios"],"aioseo_notices":[],"_links":{"self":[{"href":"https:\/\/estado29.mx\/index.php?rest_route=\/wp\/v2\/posts\/85734","targetHints":{"allow":["GET"]}}],"collection":[{"href":"https:\/\/estado29.mx\/index.php?rest_route=\/wp\/v2\/posts"}],"about":[{"href":"https:\/\/estado29.mx\/index.php?rest_route=\/wp\/v2\/types\/post"}],"author":[{"embeddable":true,"href":"https:\/\/estado29.mx\/index.php?rest_route=\/wp\/v2\/users\/4"}],"replies":[{"embeddable":true,"href":"https:\/\/estado29.mx\/index.php?rest_route=%2Fwp%2Fv2%2Fcomments&post=85734"}],"version-history":[{"count":1,"href":"https:\/\/estado29.mx\/index.php?rest_route=\/wp\/v2\/posts\/85734\/revisions"}],"predecessor-version":[{"id":85736,"href":"https:\/\/estado29.mx\/index.php?rest_route=\/wp\/v2\/posts\/85734\/revisions\/85736"}],"wp:featuredmedia":[{"embeddable":true,"href":"https:\/\/estado29.mx\/index.php?rest_route=\/wp\/v2\/media\/85735"}],"wp:attachment":[{"href":"https:\/\/estado29.mx\/index.php?rest_route=%2Fwp%2Fv2%2Fmedia&parent=85734"}],"wp:term":[{"taxonomy":"category","embeddable":true,"href":"https:\/\/estado29.mx\/index.php?rest_route=%2Fwp%2Fv2%2Fcategories&post=85734"},{"taxonomy":"post_tag","embeddable":true,"href":"https:\/\/estado29.mx\/index.php?rest_route=%2Fwp%2Fv2%2Ftags&post=85734"}],"curies":[{"name":"wp","href":"https:\/\/api.w.org\/{rel}","templated":true}]}}