{"id":85737,"date":"2023-04-18T19:51:26","date_gmt":"2023-04-18T19:51:26","guid":{"rendered":"https:\/\/estado29.mx\/?p=85737"},"modified":"2023-04-18T19:51:28","modified_gmt":"2023-04-18T19:51:28","slug":"participara-tlaxcala-en-el-primer-simulacro-nacional-2023","status":"publish","type":"post","link":"https:\/\/estado29.mx\/?p=85737","title":{"rendered":"Participar\u00e1 Tlaxcala en el primer simulacro nacional 2023"},"content":{"rendered":"\n<p>*Ser\u00e1 el pr\u00f3ximo mi\u00e9rcoles 19 de abril a las 11 horas en la explanada de Palacio de Gobierno<\/p>\n\n\n\n<p>Debido a que todo el territorio nacional est\u00e1 expuesto al impacto de diversos fen\u00f3menos naturales que pueden representar un riesgo, los gobiernos de M\u00e9xico y de Tlaxcala, a trav\u00e9s de la Coordinaci\u00f3n Nacional y Estatal de Protecci\u00f3n Civil, convocan a las instituciones p\u00fablicas y privadas a participar en el Primer Simulacro Nacional 2023, que se realizar\u00e1 el pr\u00f3ximo mi\u00e9rcoles 19 de abril a las 11:00 horas en la explanada de Palacio de Gobierno.<\/p>\n\n\n\n<p>El titular de la CEPC, Juvencio Nieto Galicia, se\u00f1al\u00f3 que la realizaci\u00f3n de este primer simulacro tiene como objetivo principal, fomentar la cultura de la protecci\u00f3n civil y fortalecer las capacidades de reacci\u00f3n de las unidades y sus brigadas ante la eventualidad de una emergencia o desastre.<\/p>\n\n\n\n<p>Para este a\u00f1o, la hip\u00f3tesis del sismo que se realizar\u00e1 tendr\u00e1 una magnitud de 7.5 y se localizar\u00e1 a 30 kil\u00f3metros al suroeste de Tierra Blanca, Veracruz (18.248, -96.551), con una profundidad de 82 kil\u00f3metros y percibido ampliamente en la zona centro de M\u00e9xico, siendo para Tlaxcala de fuerte a muy fuerte; para Puebla, Veracruz y Oaxaca como severo.<\/p>\n\n\n\n<p>La CEPC inform\u00f3 que, durante este simulacro, el sistema de alertamiento s\u00edsmico del estado activar\u00e1 sus alarmas, por lo que les solicita a los ciudadanos no alarmarse y efectuar el ejercicio de evacuaci\u00f3n de edificios y de concentraci\u00f3n en los puntos de seguridad.<\/p>\n\n\n\n<p>Las actividades que har\u00e1 la Coordinaci\u00f3n ser\u00e1n en la explanada y al interior del Palacio de Gobierno, por lo que ser\u00e1 evacuado y accionar\u00e1 las brigadas de prevenci\u00f3n y combate de incendios, de primeros auxilios, as\u00ed como de b\u00fasqueda y rescate. Asimismo, se establecer\u00e1 el centro de mando y reacci\u00f3n.<\/p>\n\n\n\n<p>Conforme a los protocolos de seguridad, se ejecutar\u00e1 el conteo r\u00e1pido e identificar\u00e1n personas faltantes, se tomar\u00e1n datos y se reportar\u00e1 al puesto de mando; se instalar\u00e1 el puesto de primeros auxilios, verificar\u00e1n si alguien se siente mal para su traslado al punto de atenci\u00f3n m\u00e9dica; finalmente se informar\u00e1 al coordinador general sobre el n\u00famero de evacuados, desaparecidos y lesionados.<\/p>\n\n\n\n<p>Si est\u00e1s interesado en participar, la plataforma digital del sistema de registro de inmuebles ya est\u00e1 disponible y puedes completar tu registro antes del 18 de abril, en http:\/\/preparados.gob.mx\/1ersimulacronacional2023 Si ya registraste tu inmueble en el ejercicio del a\u00f1o pasado, solamente tendr\u00e1s que seleccionar y validar tus datos.<\/p>\n","protected":false},"excerpt":{"rendered":"<p>*Ser\u00e1 el pr\u00f3ximo mi\u00e9rcoles 19 de abril a las 11 horas en la explanada de Palacio de Gobierno Debido a que todo el territorio nacional est\u00e1 expuesto al impacto de diversos fen\u00f3menos naturales que pueden representar un riesgo, los gobiernos de M\u00e9xico y de Tlaxcala, a trav\u00e9s de la Coordinaci\u00f3n Nacional y Estatal de Protecci\u00f3n [&hellip;]<\/p>\n","protected":false},"author":4,"featured_media":85738,"comment_status":"open","ping_status":"open","sticky":false,"template":"","format":"standard","meta":{"om_disable_all_campaigns":false,"_monsterinsights_skip_tracking":false,"_monsterinsights_sitenote_active":false,"_monsterinsights_sitenote_note":"","_monsterinsights_sitenote_category":0,"jnews-multi-image_gallery":[],"jnews_single_post":{"subtitle":"","format":"standard","video":"","gallery":"","source_name":"","source_url":"","via_name":"","via_url":"","override_template":"0","override":[{"template":"1","single_blog_custom":"","parallax":"1","fullscreen":"1","layout":"right-sidebar","sidebar":"default-sidebar","second_sidebar":"default-sidebar","sticky_sidebar":"1","share_position":"top","share_float_style":"share-monocrhome","show_share_counter":"1","show_view_counter":"1","show_featured":"1","show_post_meta":"1","show_post_author":"1","show_post_author_image":"1","show_post_date":"1","post_date_format":"default","post_date_format_custom":"Y\/m\/d","show_post_category":"1","show_post_reading_time":"0","post_reading_time_wpm":"300","show_zoom_button":"0","zoom_button_out_step":"2","zoom_button_in_step":"3","show_post_tag":"1","show_prev_next_post":"1","show_popup_post":"1","number_popup_post":"1","show_author_box":"1","show_post_related":"0","show_inline_post_related":"0"}],"override_image_size":"0","image_override":[{"single_post_thumbnail_size":"crop-500","single_post_gallery_size":"crop-500"}],"trending_post":"0","trending_post_position":"meta","trending_post_label":"Trending","sponsored_post":"0","sponsored_post_label":"Sponsored by","sponsored_post_name":"","sponsored_post_url":"","sponsored_post_logo_enable":"0","sponsored_post_logo":"","sponsored_post_desc":"","disable_ad":"0"},"jnews_primary_category":{"id":""},"footnotes":""},"categories":[82,80,43,52],"tags":[150,110,119,96],"class_list":["post-85737","post","type-post","status-publish","format-standard","has-post-thumbnail","hentry","category-cultura","category-educacion","category-estado","category-gobierno-de-tlaxcala","tag-gobierno-del-estado","tag-municipios","tag-seguridad","tag-tlaxcala"],"aioseo_notices":[],"_links":{"self":[{"href":"https:\/\/estado29.mx\/index.php?rest_route=\/wp\/v2\/posts\/85737","targetHints":{"allow":["GET"]}}],"collection":[{"href":"https:\/\/estado29.mx\/index.php?rest_route=\/wp\/v2\/posts"}],"about":[{"href":"https:\/\/estado29.mx\/index.php?rest_route=\/wp\/v2\/types\/post"}],"author":[{"embeddable":true,"href":"https:\/\/estado29.mx\/index.php?rest_route=\/wp\/v2\/users\/4"}],"replies":[{"embeddable":true,"href":"https:\/\/estado29.mx\/index.php?rest_route=%2Fwp%2Fv2%2Fcomments&post=85737"}],"version-history":[{"count":1,"href":"https:\/\/estado29.mx\/index.php?rest_route=\/wp\/v2\/posts\/85737\/revisions"}],"predecessor-version":[{"id":85739,"href":"https:\/\/estado29.mx\/index.php?rest_route=\/wp\/v2\/posts\/85737\/revisions\/85739"}],"wp:featuredmedia":[{"embeddable":true,"href":"https:\/\/estado29.mx\/index.php?rest_route=\/wp\/v2\/media\/85738"}],"wp:attachment":[{"href":"https:\/\/estado29.mx\/index.php?rest_route=%2Fwp%2Fv2%2Fmedia&parent=85737"}],"wp:term":[{"taxonomy":"category","embeddable":true,"href":"https:\/\/estado29.mx\/index.php?rest_route=%2Fwp%2Fv2%2Fcategories&post=85737"},{"taxonomy":"post_tag","embeddable":true,"href":"https:\/\/estado29.mx\/index.php?rest_route=%2Fwp%2Fv2%2Ftags&post=85737"}],"curies":[{"name":"wp","href":"https:\/\/api.w.org\/{rel}","templated":true}]}}