{"id":85878,"date":"2023-04-26T13:57:38","date_gmt":"2023-04-26T13:57:38","guid":{"rendered":"https:\/\/estado29.mx\/?p=85878"},"modified":"2023-04-26T13:57:40","modified_gmt":"2023-04-26T13:57:40","slug":"promueve-bladimir-zainos-contratacion-de-adultos-mayores-en-la-administracion-publica-municipal","status":"publish","type":"post","link":"https:\/\/estado29.mx\/?p=85878","title":{"rendered":"Promueve Bladimir Zainos contrataci\u00f3n de adultos mayores en la administraci\u00f3n p\u00fablica municipal"},"content":{"rendered":"\n<p>\u00b7\u00a0\u00a0\u00a0\u00a0\u00a0\u00a0\u00a0\u00a0\u00a0<em>Busca generar empleos para personas de sesenta y m\u00e1s a\u00f1os.<\/em><\/p>\n\n\n\n<p>En la m\u00e1xima tribuna, el diputado Bladimir Zainos Flores present\u00f3 la Iniciativa con Proyecto de Decreto por el que se adicionan diversas disposiciones a la Ley Municipal del Estado de Tlaxcala, y a la Ley Laboral de los Servidores P\u00fablicos del Estado de Tlaxcala y sus municipios.<\/p>\n\n\n\n<p>Con esta iniciativa el legislador busca promover la contrataci\u00f3n progresiva de adultos mayores, de sesenta a\u00f1os y m\u00e1s, hasta alcanzar cuando menos el 15% de la planilla laboral de la administraci\u00f3n p\u00fablica municipal, debido a que los adultos mayores conforman un importante sector poblacional, por lo que cuentan con experiencia, conocimiento y madurez adquirida a trav\u00e9s del tiempo, pero al contar con una edad avanzada, no es f\u00e1cil encontrar para ellos alguna oportunidad laboral, generando que su falta de actividad afecte su condici\u00f3n f\u00edsica y mental de adulto mayor.<\/p>\n\n\n\n<p>Sin embargo, -asever\u00f3 el legislador- que un estudio referente a lo anterior, demostr\u00f3 que los adultos mayores, al encontrarse activos reflejan una adecuada estabilidad emocional.<\/p>\n\n\n\n<p>Por lo anterior, es necesario atender uno de los objetivos de la Cultura del Envejecimiento, el cual es fortalecer los lazos solidarios entre las generaciones e impulsar la revaloraci\u00f3n de los adultos mayores, estimulando su inserci\u00f3n en la vida familiar, social, econ\u00f3mica y pol\u00edtica del pa\u00eds. Es necesario trabajar en la construcci\u00f3n de una sociedad m\u00e1s incluyente, en la que los adultos mayores tengan las mismas oportunidades de educaci\u00f3n, salud, empleo y recreaci\u00f3n.<\/p>\n\n\n\n<p>Zainos Flores se\u00f1al\u00f3 que \u201c<em>se debe proporcionar&nbsp; a los adultos mayores las condiciones para continuar percibiendo una remuneraci\u00f3n por su desempe\u00f1o laboral y m\u00e1s a\u00fan en el caso de aquellos, quienes m\u00e1s que por gusto, por necesidad requieren de un ingreso. En atenci\u00f3n a ello, resulta necesario actualizar y ampliar los par\u00e1metros de la legislaci\u00f3n que les permita realizar la actividad que cada uno de ellos decida desempe\u00f1ar con la certeza que su derecho laboral se encontrar\u00e1 contemplado en el correspondiente marco legal. Es por eso que resulta conveniente establecer en las leyes de la materia, los lineamientos para el respeto y reconocimiento laboral de los adultos mayores con los preceptos correspondientes que atiendan sus requerimientos y condiciones para laborar.<\/em>\u201d<\/p>\n\n\n\n<p>De ser aprobada dicha iniciativa se adicionar\u00e1el p\u00e1rrafo cuarto a la fracci\u00f3n XVII del art\u00edculo 33 de la Ley Municipal del Estado de Tlaxcala y la fracci\u00f3n X al art\u00edculo 46 de la Ley Laboral de los Servidores P\u00fablicos del Estado de Tlaxcala, misma que fue turnada a las Comisiones Unidas de Trabajo, Competitividad, Seguridad Social y Previsi\u00f3n Social, Asuntos Municipales y a la de Puntos Constitucionales, Gobernaci\u00f3n y Justicia y Asuntos Pol\u00edticos para su estudio, an\u00e1lisis y dictaminaci\u00f3n.<\/p>\n\n\n\n<p>Con esta iniciativa, el legislador reafirma su compromiso con las personas que conforman el grupo de la tercera edad que desean seguir contribuyendo con su experiencia y desempe\u00f1o en los diferentes sectores laborales, proporcion\u00e1ndoles y resaltando, la protecci\u00f3n de su derecho al trabajo.<\/p>\n","protected":false},"excerpt":{"rendered":"<p>\u00b7\u00a0\u00a0\u00a0\u00a0\u00a0\u00a0\u00a0\u00a0\u00a0Busca generar empleos para personas de sesenta y m\u00e1s a\u00f1os. En la m\u00e1xima tribuna, el diputado Bladimir Zainos Flores present\u00f3 la Iniciativa con Proyecto de Decreto por el que se adicionan diversas disposiciones a la Ley Municipal del Estado de Tlaxcala, y a la Ley Laboral de los Servidores P\u00fablicos del Estado de Tlaxcala y [&hellip;]<\/p>\n","protected":false},"author":4,"featured_media":85879,"comment_status":"open","ping_status":"open","sticky":false,"template":"","format":"standard","meta":{"om_disable_all_campaigns":false,"_monsterinsights_skip_tracking":false,"_monsterinsights_sitenote_active":false,"_monsterinsights_sitenote_note":"","_monsterinsights_sitenote_category":0,"jnews-multi-image_gallery":[],"jnews_single_post":{"subtitle":"","format":"standard","video":"","gallery":"","source_name":"","source_url":"","via_name":"","via_url":"","override_template":"0","override":[{"template":"1","single_blog_custom":"","parallax":"1","fullscreen":"1","layout":"right-sidebar","sidebar":"default-sidebar","second_sidebar":"default-sidebar","sticky_sidebar":"1","share_position":"top","share_float_style":"share-monocrhome","show_share_counter":"1","show_view_counter":"1","show_featured":"1","show_post_meta":"1","show_post_author":"1","show_post_author_image":"1","show_post_date":"1","post_date_format":"default","post_date_format_custom":"Y\/m\/d","show_post_category":"1","show_post_reading_time":"0","post_reading_time_wpm":"300","show_zoom_button":"0","zoom_button_out_step":"2","zoom_button_in_step":"3","show_post_tag":"1","show_prev_next_post":"1","show_popup_post":"1","number_popup_post":"1","show_author_box":"1","show_post_related":"0","show_inline_post_related":"0"}],"override_image_size":"0","image_override":[{"single_post_thumbnail_size":"crop-500","single_post_gallery_size":"crop-500"}],"trending_post":"0","trending_post_position":"meta","trending_post_label":"Trending","sponsored_post":"0","sponsored_post_label":"Sponsored by","sponsored_post_name":"","sponsored_post_url":"","sponsored_post_logo_enable":"0","sponsored_post_logo":"","sponsored_post_desc":"","disable_ad":"0"},"jnews_primary_category":{"id":""},"footnotes":""},"categories":[1],"tags":[180,110,96],"class_list":["post-85878","post","type-post","status-publish","format-standard","has-post-thumbnail","hentry","category-uncategorized","tag-congreso-del-estado","tag-municipios","tag-tlaxcala"],"aioseo_notices":[],"_links":{"self":[{"href":"https:\/\/estado29.mx\/index.php?rest_route=\/wp\/v2\/posts\/85878","targetHints":{"allow":["GET"]}}],"collection":[{"href":"https:\/\/estado29.mx\/index.php?rest_route=\/wp\/v2\/posts"}],"about":[{"href":"https:\/\/estado29.mx\/index.php?rest_route=\/wp\/v2\/types\/post"}],"author":[{"embeddable":true,"href":"https:\/\/estado29.mx\/index.php?rest_route=\/wp\/v2\/users\/4"}],"replies":[{"embeddable":true,"href":"https:\/\/estado29.mx\/index.php?rest_route=%2Fwp%2Fv2%2Fcomments&post=85878"}],"version-history":[{"count":1,"href":"https:\/\/estado29.mx\/index.php?rest_route=\/wp\/v2\/posts\/85878\/revisions"}],"predecessor-version":[{"id":85880,"href":"https:\/\/estado29.mx\/index.php?rest_route=\/wp\/v2\/posts\/85878\/revisions\/85880"}],"wp:featuredmedia":[{"embeddable":true,"href":"https:\/\/estado29.mx\/index.php?rest_route=\/wp\/v2\/media\/85879"}],"wp:attachment":[{"href":"https:\/\/estado29.mx\/index.php?rest_route=%2Fwp%2Fv2%2Fmedia&parent=85878"}],"wp:term":[{"taxonomy":"category","embeddable":true,"href":"https:\/\/estado29.mx\/index.php?rest_route=%2Fwp%2Fv2%2Fcategories&post=85878"},{"taxonomy":"post_tag","embeddable":true,"href":"https:\/\/estado29.mx\/index.php?rest_route=%2Fwp%2Fv2%2Ftags&post=85878"}],"curies":[{"name":"wp","href":"https:\/\/api.w.org\/{rel}","templated":true}]}}