{"id":85965,"date":"2023-05-02T16:35:27","date_gmt":"2023-05-02T16:35:27","guid":{"rendered":"https:\/\/estado29.mx\/?p=85965"},"modified":"2023-05-02T16:35:29","modified_gmt":"2023-05-02T16:35:29","slug":"el-congreso-del-estado-y-el-tet-llevaran-a-cabo-jornadas-academicas-en-materia-electoral","status":"publish","type":"post","link":"https:\/\/estado29.mx\/?p=85965","title":{"rendered":"El Congreso del Estado y el TET llevar\u00e1n a cabo jornadas acad\u00e9micas en Materia Electoral\u00a0"},"content":{"rendered":"\n<p>\u00b7\u00a0\u00a0\u00a0\u00a0\u00a0\u00a0<em>Se busca fortalecer el conocimiento y pr\u00e1ctica de los procesos electorales y desarrollo pol\u00edtico.<\/em><\/p>\n\n\n\n<p>Con el fin de fortalecer el conocimiento y pr\u00e1ctica sobre los procesos electorales y el desarrollo pol\u00edtico de nuestra entidad, el Congreso del Estado de Tlaxcala a trav\u00e9s de la Comisi\u00f3n de Asuntos Electorales, que preside el diputado Juan Manuel Cambr\u00f3n Soria y el Tribunal Electoral de Tlaxcala (TET), por medio del magistrado Miguel Nava Xochiotiotzi, llevar\u00e1n a cabo las JORNADAS ACAD\u00c9MICAS EN MATERIA ELECTORAL 2023.&nbsp;<\/p>\n\n\n\n<p>Se trata de un ciclo de conferencias que se desarrollar\u00e1 los mi\u00e9rcoles a las 17:00 horas, a partir del 03 de mayo al 28 de junio de 2023, de manera virtual, a excepci\u00f3n de la \u00faltima que ser\u00e1 presencial en el recinto legislativo.<\/p>\n\n\n\n<p>Entre los temas que se abordar\u00e1n, se encuentra la Introducci\u00f3n al Derecho Electoral; Reforma Electoral: Plan \u201cB\u201d y su impacto en los Tribunales Electorales Locales; Erradicaci\u00f3n y Prevenci\u00f3n de la Violencia Pol\u00edtica contra las Mujeres en raz\u00f3n de G\u00e9nero; Principio de Paridad de G\u00e9nero; Aplicaci\u00f3n del Principio de Paridad en Zacatecas.<\/p>\n\n\n\n<p>Tambi\u00e9n hablar\u00e1n sobre El voto electr\u00f3nico; Juicio de la Ciudadan\u00eda; La Funci\u00f3n del Juzgado Local; Sanciones y Actos Anticipados de Campa\u00f1a,<strong>&nbsp;<\/strong>entre otros.&nbsp;<\/p>\n\n\n\n<p>Entre los ponentes se encuentran magistradas y magistrados de estados como Colima, Campeche, Guerrero, Tamaulipas, Morelos, Zacatecas, Yucat\u00e1n, Oaxaca, Nuevo Le\u00f3n, Veracruz, Chihuahua y por supuesto Tlaxcala.<\/p>\n\n\n\n<p>El acceso ser\u00e1 para el p\u00fablico en general y de manera oportuna se confirmar\u00e1 los detalles del desarrollo de cada conferencia.<\/p>\n\n\n\n<p>Para mayor informaci\u00f3n, las y los interesados podr\u00e1n comunicarse a las redes sociales del diputado Juan Manuel Cambr\u00f3n Soria, integrante de la LXIV Legislatura.<\/p>\n","protected":false},"excerpt":{"rendered":"<p>\u00b7\u00a0\u00a0\u00a0\u00a0\u00a0\u00a0Se busca fortalecer el conocimiento y pr\u00e1ctica de los procesos electorales y desarrollo pol\u00edtico. Con el fin de fortalecer el conocimiento y pr\u00e1ctica sobre los procesos electorales y el desarrollo pol\u00edtico de nuestra entidad, el Congreso del Estado de Tlaxcala a trav\u00e9s de la Comisi\u00f3n de Asuntos Electorales, que preside el diputado Juan Manuel Cambr\u00f3n [&hellip;]<\/p>\n","protected":false},"author":4,"featured_media":85966,"comment_status":"open","ping_status":"open","sticky":false,"template":"","format":"standard","meta":{"om_disable_all_campaigns":false,"_monsterinsights_skip_tracking":false,"_monsterinsights_sitenote_active":false,"_monsterinsights_sitenote_note":"","_monsterinsights_sitenote_category":0,"jnews-multi-image_gallery":[],"jnews_single_post":{"subtitle":"","format":"standard","video":"","gallery":"","source_name":"","source_url":"","via_name":"","via_url":"","override_template":"0","override":[{"template":"1","single_blog_custom":"","parallax":"1","fullscreen":"1","layout":"right-sidebar","sidebar":"default-sidebar","second_sidebar":"default-sidebar","sticky_sidebar":"1","share_position":"top","share_float_style":"share-monocrhome","show_share_counter":"1","show_view_counter":"1","show_featured":"1","show_post_meta":"1","show_post_author":"1","show_post_author_image":"1","show_post_date":"1","post_date_format":"default","post_date_format_custom":"Y\/m\/d","show_post_category":"1","show_post_reading_time":"0","post_reading_time_wpm":"300","show_zoom_button":"0","zoom_button_out_step":"2","zoom_button_in_step":"3","show_post_tag":"1","show_prev_next_post":"1","show_popup_post":"1","number_popup_post":"1","show_author_box":"1","show_post_related":"0","show_inline_post_related":"0"}],"override_image_size":"0","image_override":[{"single_post_thumbnail_size":"crop-500","single_post_gallery_size":"crop-500"}],"trending_post":"0","trending_post_position":"meta","trending_post_label":"Trending","sponsored_post":"0","sponsored_post_label":"Sponsored by","sponsored_post_name":"","sponsored_post_url":"","sponsored_post_logo_enable":"0","sponsored_post_logo":"","sponsored_post_desc":"","disable_ad":"0"},"jnews_primary_category":{"id":""},"footnotes":""},"categories":[53,43],"tags":[180,110,124,96],"class_list":["post-85965","post","type-post","status-publish","format-standard","has-post-thumbnail","hentry","category-congreso","category-estado","tag-congreso-del-estado","tag-municipios","tag-tet","tag-tlaxcala"],"aioseo_notices":[],"_links":{"self":[{"href":"https:\/\/estado29.mx\/index.php?rest_route=\/wp\/v2\/posts\/85965","targetHints":{"allow":["GET"]}}],"collection":[{"href":"https:\/\/estado29.mx\/index.php?rest_route=\/wp\/v2\/posts"}],"about":[{"href":"https:\/\/estado29.mx\/index.php?rest_route=\/wp\/v2\/types\/post"}],"author":[{"embeddable":true,"href":"https:\/\/estado29.mx\/index.php?rest_route=\/wp\/v2\/users\/4"}],"replies":[{"embeddable":true,"href":"https:\/\/estado29.mx\/index.php?rest_route=%2Fwp%2Fv2%2Fcomments&post=85965"}],"version-history":[{"count":1,"href":"https:\/\/estado29.mx\/index.php?rest_route=\/wp\/v2\/posts\/85965\/revisions"}],"predecessor-version":[{"id":85967,"href":"https:\/\/estado29.mx\/index.php?rest_route=\/wp\/v2\/posts\/85965\/revisions\/85967"}],"wp:featuredmedia":[{"embeddable":true,"href":"https:\/\/estado29.mx\/index.php?rest_route=\/wp\/v2\/media\/85966"}],"wp:attachment":[{"href":"https:\/\/estado29.mx\/index.php?rest_route=%2Fwp%2Fv2%2Fmedia&parent=85965"}],"wp:term":[{"taxonomy":"category","embeddable":true,"href":"https:\/\/estado29.mx\/index.php?rest_route=%2Fwp%2Fv2%2Fcategories&post=85965"},{"taxonomy":"post_tag","embeddable":true,"href":"https:\/\/estado29.mx\/index.php?rest_route=%2Fwp%2Fv2%2Ftags&post=85965"}],"curies":[{"name":"wp","href":"https:\/\/api.w.org\/{rel}","templated":true}]}}