{"id":86060,"date":"2023-05-09T17:06:23","date_gmt":"2023-05-09T17:06:23","guid":{"rendered":"https:\/\/estado29.mx\/?p=86060"},"modified":"2023-05-09T17:06:25","modified_gmt":"2023-05-09T17:06:25","slug":"conocio-ine-tlaxcala-protocolo-para-la-actuacion-a-favor-de-ninas-ninos-y-jovenes","status":"publish","type":"post","link":"https:\/\/estado29.mx\/?p=86060","title":{"rendered":"Conoci\u00f3 INE Tlaxcala protocolo para la actuaci\u00f3n a favor de ni\u00f1as, ni\u00f1os y j\u00f3venes"},"content":{"rendered":"\n<p>Este lunes, funcionarias y funcionarios de la Junta Local y las tres Juntas Distritales del Instituto Nacional Electoral (INE) de la entidad participaron en la presentaci\u00f3n del &#8220;Protocolo de actuaci\u00f3n para quienes imparten Justicia en casos que involucren a ni\u00f1as, ni\u00f1os y adolescentes y su relaci\u00f3n con los derechos de la ni\u00f1ez y adolescencia&#8221;, a cargo del Poder Judicial de Tlaxcala.<\/p>\n\n\n\n<p>La actividad, desarrollada en la delegaci\u00f3n estatal del INE por el Tribunal Superior de Justicia del Estado (TSJE), estuvo encabezada por el Vocal Ejecutivo, J. Jes\u00fas Lule Ortega, quien reconoci\u00f3 la importancia y val\u00eda de este protocolo, toda vez que la totalidad de las instituciones del Estado deben ser observantes de los ordenamientos legales a favor de la ni\u00f1ez y de la adolescencia y dar prioridad al inter\u00e9s superior de ese sector, as\u00ed como de los derechos humanos de los que deben gozar.<\/p>\n\n\n\n<p>Record\u00f3 que, junto con el INE, el TSJE y otras instituciones construyeron una agenda para la atenci\u00f3n de las diversas manifestaciones e inquietudes del sector infantil estatal producto de la Consulta Infantil y Juvenil 2021, y ahora, el Poder Judicial, presenta un protocolo de atenci\u00f3n en el \u00e1rea legal, cuyo contenido es de inter\u00e9s colectivo.<\/p>\n\n\n\n<p>Adem\u00e1s, agradeci\u00f3 la asistencia de las representaciones de entes como la Secretar\u00eda de Educaci\u00f3n P\u00fablica y la Unidad de Servicios Educativos (SEPE-USET), la Comisi\u00f3n Estatal de Derechos Humanos (CEDH), del Consejo Nacional de Fomento Educativo (CONAFE), as\u00ed como del Partido Revolucionario Institucional (PRI) -\u00fanica fuerza pol\u00edtica participante en los trabajos encabezados por el Instituto-, quienes han trabajado hombro a hombro con el INE para hacer posibles estas acciones.<\/p>\n\n\n\n<p>La divulgaci\u00f3n del protocolo entre las y los asistentes, estuvo a cargo del juez titular del Juzgado Cuarto de lo Civil del Distrito Judicial de Cuauht\u00e9moc del TSJE, Jos\u00e9 Augusto L\u00f3pez Hern\u00e1ndez, quien puso de relieve el extenso documento que delinea la actuaci\u00f3n de las y los juzgadores, expresando adem\u00e1s la relevancia de que todas aquellas personas que atienden al sector infantil y juvenil lo conozcan y observen, puesto que deriva tambi\u00e9n de tratados internacionales que rigen el proceder de las y los funcionarios p\u00fablicos al respecto.<\/p>\n\n\n\n<p>El juzgador, quien acudi\u00f3 con la representaci\u00f3n de la magistrada presidenta del TSJE y del Consejo de la Judicatura Estatal (CJE), Mary Cruz Cort\u00e9s Ornelas, y en acompa\u00f1amiento de la titular de la Unidad de Protecci\u00f3n de los Derechos de Ni\u00f1as, Ni\u00f1os y Adolescentes del Poder Judicial (UPDNNA), Patricia L\u00f3pez Aldave, advirti\u00f3 que el documento no solo resulta de importancia para juzgar con perspectiva de infancia y adolescencia, sino que tiene que ver con la forma en que deben ser tratados las y los infantes y adolescentes en el \u00e1mbito institucional.<\/p>\n\n\n\n<p>Refiri\u00f3 que el protocolo prev\u00e9 tres temas a tratar que son: la justicia adaptada a las infancias y adolescencias; los presupuestos b\u00e1sicos y principios rectores, y la gu\u00eda pr\u00e1ctica, esta \u00faltima la que considera de mayor relevancia, pues indica \u201cqu\u00e9 hacer cuando tengamos a las ni\u00f1as, ni\u00f1os y adolescentes enfrente y el trato que debe d\u00e1rseles en la soluci\u00f3n de controversias\u201d.<\/p>\n\n\n\n<p>A la presentaci\u00f3n acudieron los Vocales Ejecutivos de los tres distritos federales electorales del INE, as\u00ed como las y los Vocales de Capacitaci\u00f3n Electoral y Educaci\u00f3n C\u00edvica Local y distritales, quienes tienen interacci\u00f3n directa con infantes y adolescentes en la entidad.<\/p>\n","protected":false},"excerpt":{"rendered":"<p>Este lunes, funcionarias y funcionarios de la Junta Local y las tres Juntas Distritales del Instituto Nacional Electoral (INE) de la entidad participaron en la presentaci\u00f3n del &#8220;Protocolo de actuaci\u00f3n para quienes imparten Justicia en casos que involucren a ni\u00f1as, ni\u00f1os y adolescentes y su relaci\u00f3n con los derechos de la ni\u00f1ez y adolescencia&#8221;, a [&hellip;]<\/p>\n","protected":false},"author":4,"featured_media":86061,"comment_status":"open","ping_status":"open","sticky":false,"template":"","format":"standard","meta":{"om_disable_all_campaigns":false,"_monsterinsights_skip_tracking":false,"_monsterinsights_sitenote_active":false,"_monsterinsights_sitenote_note":"","_monsterinsights_sitenote_category":0,"jnews-multi-image_gallery":[],"jnews_single_post":{"subtitle":"","format":"standard","video":"","gallery":"","source_name":"","source_url":"","via_name":"","via_url":"","override_template":"0","override":[{"template":"1","single_blog_custom":"","parallax":"1","fullscreen":"1","layout":"right-sidebar","sidebar":"default-sidebar","second_sidebar":"default-sidebar","sticky_sidebar":"1","share_position":"top","share_float_style":"share-monocrhome","show_share_counter":"1","show_view_counter":"1","show_featured":"1","show_post_meta":"1","show_post_author":"1","show_post_author_image":"1","show_post_date":"1","post_date_format":"default","post_date_format_custom":"Y\/m\/d","show_post_category":"1","show_post_reading_time":"0","post_reading_time_wpm":"300","show_zoom_button":"0","zoom_button_out_step":"2","zoom_button_in_step":"3","show_post_tag":"1","show_prev_next_post":"1","show_popup_post":"1","number_popup_post":"1","show_author_box":"1","show_post_related":"0","show_inline_post_related":"0"}],"override_image_size":"0","image_override":[{"single_post_thumbnail_size":"crop-500","single_post_gallery_size":"crop-500"}],"trending_post":"0","trending_post_position":"meta","trending_post_label":"Trending","sponsored_post":"0","sponsored_post_label":"Sponsored by","sponsored_post_name":"","sponsored_post_url":"","sponsored_post_logo_enable":"0","sponsored_post_logo":"","sponsored_post_desc":"","disable_ad":"0"},"jnews_primary_category":{"id":""},"footnotes":""},"categories":[43,47,59],"tags":[88,110,96],"class_list":["post-86060","post","type-post","status-publish","format-standard","has-post-thumbnail","hentry","category-estado","category-municipios","category-partidos-politicos","tag-ine","tag-municipios","tag-tlaxcala"],"aioseo_notices":[],"_links":{"self":[{"href":"https:\/\/estado29.mx\/index.php?rest_route=\/wp\/v2\/posts\/86060","targetHints":{"allow":["GET"]}}],"collection":[{"href":"https:\/\/estado29.mx\/index.php?rest_route=\/wp\/v2\/posts"}],"about":[{"href":"https:\/\/estado29.mx\/index.php?rest_route=\/wp\/v2\/types\/post"}],"author":[{"embeddable":true,"href":"https:\/\/estado29.mx\/index.php?rest_route=\/wp\/v2\/users\/4"}],"replies":[{"embeddable":true,"href":"https:\/\/estado29.mx\/index.php?rest_route=%2Fwp%2Fv2%2Fcomments&post=86060"}],"version-history":[{"count":1,"href":"https:\/\/estado29.mx\/index.php?rest_route=\/wp\/v2\/posts\/86060\/revisions"}],"predecessor-version":[{"id":86062,"href":"https:\/\/estado29.mx\/index.php?rest_route=\/wp\/v2\/posts\/86060\/revisions\/86062"}],"wp:featuredmedia":[{"embeddable":true,"href":"https:\/\/estado29.mx\/index.php?rest_route=\/wp\/v2\/media\/86061"}],"wp:attachment":[{"href":"https:\/\/estado29.mx\/index.php?rest_route=%2Fwp%2Fv2%2Fmedia&parent=86060"}],"wp:term":[{"taxonomy":"category","embeddable":true,"href":"https:\/\/estado29.mx\/index.php?rest_route=%2Fwp%2Fv2%2Fcategories&post=86060"},{"taxonomy":"post_tag","embeddable":true,"href":"https:\/\/estado29.mx\/index.php?rest_route=%2Fwp%2Fv2%2Ftags&post=86060"}],"curies":[{"name":"wp","href":"https:\/\/api.w.org\/{rel}","templated":true}]}}