{"id":86100,"date":"2023-05-11T20:33:28","date_gmt":"2023-05-11T20:33:28","guid":{"rendered":"https:\/\/estado29.mx\/?p=86100"},"modified":"2023-05-11T20:33:31","modified_gmt":"2023-05-11T20:33:31","slug":"llega-a-tlaxcala-el-festival-de-musica-raiz-mexico","status":"publish","type":"post","link":"https:\/\/estado29.mx\/?p=86100","title":{"rendered":"<strong>Llega a Tlaxcala el Festival de M\u00fasica Ra\u00edz M\u00e9xico<\/strong>"},"content":{"rendered":"\n<ul class=\"wp-block-list\"><li><strong>Se incluyen presentaciones de artistas como Feeling Mandeng, Daniel 4&#215;4, Rockercoatl, Juan Calavera, Hunab Ku, Salterios de Atltzayanca, Alejandra Moreno, Huitzillin, Alacr\u00e1n Son y el Colectivo Klezmorino<\/strong><\/li><li><strong>Una oportunidad para conocer y disfrutar del arte y la cultura de la regi\u00f3n Oriente del pa\u00eds, a trav\u00e9s de la m\u00fasica y las tradiciones<\/strong><\/li><\/ul>\n\n\n\n<p>La Secretar\u00eda de Cultura federal presenta en Tlaxcala el circuito de actividades de M\u00fasica Ra\u00edz M\u00e9xico, que se llevar\u00e1 a cabo a partir del 12 de mayo y hasta el 17 de junio de 2023, con una selecci\u00f3n de artistas de diversos g\u00e9neros y estilos, desde la m\u00fasica tradicional hasta la m\u00fasica experimental.<\/p>\n\n\n\n<p>Estas presentaciones se dan en seguimiento a las acciones de la edici\u00f3n 2022 de M\u00fasica Ra\u00edz M\u00e9xico, convocatoria emitida por la Secretar\u00eda de Cultura federal, a trav\u00e9s del proyecto prioritario Chapultepec, Naturaleza y Cultura, la Direcci\u00f3n del Festival Internacional Cervantino y Circuitos Culturales, en coordinaci\u00f3n con la Secretar\u00eda de Cultura de la Ciudad de M\u00e9xico, y Secretar\u00edas de Cultura de las entidades de la Rep\u00fablica Mexicana, con el objetivo de visualizar la riqueza y calidad art\u00edstica musical del pa\u00eds, as\u00ed como ampliar la presentaci\u00f3n de creadoras y creadores nacionales mediante su promoci\u00f3n y contrataci\u00f3n en diversos circuitos culturales.<\/p>\n\n\n\n<p>Al respecto, directora general de Promoci\u00f3n y Festivales Culturales y encargada de la Direcci\u00f3n General de Asuntos Internacionales, Mariana Aymerich Ord\u00f3\u00f1ez, expres\u00f3: &#8220;Estamos muy emocionados de haber llegado a las 32 entidades de la Rep\u00fablica Mexicana y haber colaborado con m\u00e1s de 100 agrupaciones a trav\u00e9s de esta convocatoria. Es una muestra del compromiso de M\u00fasica Ra\u00edz M\u00e9xico por apoyar y promover la diversidad cultural de nuestro pa\u00eds&#8221;.<\/p>\n\n\n\n<p>El 12 de mayo de 2023, las presentaciones comenzar\u00e1n con la participaci\u00f3n de Feeling Mandeng, un grupo que invita por medio de la m\u00fasica a ser parte del movimiento afrodescendiente de M\u00e9xico. Este conjunto es conocido por sus actuaciones energ\u00e9ticas que incluyen una amplia gama de instrumentos tradicionales africanos.<\/p>\n\n\n\n<p>El 14 de mayo, Daniel 4&#215;4 nos llevar\u00e1 a un viaje sonoro con su espect\u00e1culo \u201cNeo Sampleo\u201d. Este artista crea un ambiente musical mediante el uso de&nbsp;<em>samples<\/em>,&nbsp;<em>loops<\/em>&nbsp;y sintetizadores. Adem\u00e1s, Rockercoatl presentar\u00e1 su espect\u00e1culo \u201cXochitlajtolli, conociendo la palabra florida\u201d, una exploraci\u00f3n sonora de la cultura n\u00e1huatl.<\/p>\n\n\n\n<p>El 26 de mayo, la m\u00fasica minimalista de Juan Calavera nos transportar\u00e1 a otro mundo, mientras que Hunab Ku presentar\u00e1 una fusi\u00f3n \u00fanica de m\u00fasica latinoamericana sin fronteras. Los Salterios de Atltzayanca recordar\u00e1n la historia y tradici\u00f3n de su regi\u00f3n con su m\u00fasica tradicional.<\/p>\n\n\n\n<p>El 16 de junio, Alejandra Moreno presentar\u00e1 su m\u00fasica de Morelos con una mezcla de sonidos tradicionales y modernos, mientras que Huitzillin, con amor y pasi\u00f3n, llevar\u00e1 al p\u00fablico a un viaje musical por las ra\u00edces culturales de M\u00e9xico.<\/p>\n\n\n\n<p>Para cerrar el ciclo de presentaciones, el 17 de junio, Alacr\u00e1n Son presentar\u00e1 m\u00fasica tradicional del estado de Guerrero, con una mezcla de sonidos y estilos \u00fanicos; mientras que el Colectivo Klezmorino deleitar\u00e1 al p\u00fablico asistente con una interpretaci\u00f3n del g\u00e9nero \u201cklezmer\u201d, una mezcla de sonidos provenientes de la tradici\u00f3n musical occidental, la m\u00fasica gitana y la folcl\u00f3rica de pa\u00edses como Ruman\u00eda, Ucrania, Hungr\u00eda, Polonia.<\/p>\n\n\n\n<p>Estas presentaciones se llevar\u00e1n a cabo en diversos recintos en Tlaxcala, y son un testimonio de la rica tradici\u00f3n musical y cultural del pa\u00eds.<\/p>\n\n\n\n<p>Para conocer la cartelera a detalle, se puede visitar siguiente enlace:&nbsp;<a href=\"https:\/\/festivales.cultura.gob.mx\/raiz-mexico\/actividades\/\" target=\"_blank\" rel=\"noreferrer noopener\">https:\/\/festivales.cultura.gob.mx\/raiz-mexico\/actividades\/<\/a><\/p>\n\n\n\n<p>Sigue las redes sociales de la Secretar\u00eda de Cultura en Twitter (@cultura_mx), Facebook (\/SecretariaCulturaMX) e Instagram (@culturamx) y M\u00fasica Ra\u00edz M\u00e9xico en Facebook (\/MusicaRaizMexico).<\/p>\n\n\n\n<p>Material gr\u00e1fico:&nbsp;<a href=\"https:\/\/conaculta-my.sharepoint.com\/:f:\/g\/personal\/difusion_circuitosculturales_cultura_gob_mx\/EsSPSAlNuqxNqy01UaOH-fgBDCs16ue0oTGL-EzjS8HMXw?e=GSzDZD\" target=\"_blank\" rel=\"noreferrer noopener\">https:\/\/conaculta-my.sharepoint.com\/:f:\/g\/personal\/difusion_circuitosculturales_cultura_gob_mx\/EsSPSAlNuqxNqy01UaOH-fgBDCs16ue0oTGL-EzjS8HMXw?e=GSzDZD<\/a><\/p>\n","protected":false},"excerpt":{"rendered":"<p>Se incluyen presentaciones de artistas como Feeling Mandeng, Daniel 4&#215;4, Rockercoatl, Juan Calavera, Hunab Ku, Salterios de Atltzayanca, Alejandra Moreno, Huitzillin, Alacr\u00e1n Son y el Colectivo Klezmorino Una oportunidad para conocer y disfrutar del arte y la cultura de la regi\u00f3n Oriente del pa\u00eds, a trav\u00e9s de la m\u00fasica y las tradiciones La Secretar\u00eda de [&hellip;]<\/p>\n","protected":false},"author":4,"featured_media":86101,"comment_status":"open","ping_status":"open","sticky":false,"template":"","format":"standard","meta":{"om_disable_all_campaigns":false,"_monsterinsights_skip_tracking":false,"_monsterinsights_sitenote_active":false,"_monsterinsights_sitenote_note":"","_monsterinsights_sitenote_category":0,"jnews-multi-image_gallery":[],"jnews_single_post":{"subtitle":"","format":"standard","video":"","gallery":"","source_name":"","source_url":"","via_name":"","via_url":"","override_template":"0","override":[{"template":"1","single_blog_custom":"","parallax":"1","fullscreen":"1","layout":"right-sidebar","sidebar":"default-sidebar","second_sidebar":"default-sidebar","sticky_sidebar":"1","share_position":"top","share_float_style":"share-monocrhome","show_share_counter":"1","show_view_counter":"1","show_featured":"1","show_post_meta":"1","show_post_author":"1","show_post_author_image":"1","show_post_date":"1","post_date_format":"default","post_date_format_custom":"Y\/m\/d","show_post_category":"1","show_post_reading_time":"0","post_reading_time_wpm":"300","show_zoom_button":"0","zoom_button_out_step":"2","zoom_button_in_step":"3","show_post_tag":"1","show_prev_next_post":"1","show_popup_post":"1","number_popup_post":"1","show_author_box":"1","show_post_related":"0","show_inline_post_related":"0"}],"override_image_size":"0","image_override":[{"single_post_thumbnail_size":"crop-500","single_post_gallery_size":"crop-500"}],"trending_post":"0","trending_post_position":"meta","trending_post_label":"Trending","sponsored_post":"0","sponsored_post_label":"Sponsored by","sponsored_post_name":"","sponsored_post_url":"","sponsored_post_logo_enable":"0","sponsored_post_logo":"","sponsored_post_desc":"","disable_ad":"0"},"jnews_primary_category":{"id":""},"footnotes":""},"categories":[82,80,48,43,69],"tags":[185,110,96],"class_list":["post-86100","post","type-post","status-publish","format-standard","has-post-thumbnail","hentry","category-cultura","category-educacion","category-entretenimiento","category-estado","category-musica","tag-cultura","tag-municipios","tag-tlaxcala"],"aioseo_notices":[],"_links":{"self":[{"href":"https:\/\/estado29.mx\/index.php?rest_route=\/wp\/v2\/posts\/86100","targetHints":{"allow":["GET"]}}],"collection":[{"href":"https:\/\/estado29.mx\/index.php?rest_route=\/wp\/v2\/posts"}],"about":[{"href":"https:\/\/estado29.mx\/index.php?rest_route=\/wp\/v2\/types\/post"}],"author":[{"embeddable":true,"href":"https:\/\/estado29.mx\/index.php?rest_route=\/wp\/v2\/users\/4"}],"replies":[{"embeddable":true,"href":"https:\/\/estado29.mx\/index.php?rest_route=%2Fwp%2Fv2%2Fcomments&post=86100"}],"version-history":[{"count":1,"href":"https:\/\/estado29.mx\/index.php?rest_route=\/wp\/v2\/posts\/86100\/revisions"}],"predecessor-version":[{"id":86102,"href":"https:\/\/estado29.mx\/index.php?rest_route=\/wp\/v2\/posts\/86100\/revisions\/86102"}],"wp:featuredmedia":[{"embeddable":true,"href":"https:\/\/estado29.mx\/index.php?rest_route=\/wp\/v2\/media\/86101"}],"wp:attachment":[{"href":"https:\/\/estado29.mx\/index.php?rest_route=%2Fwp%2Fv2%2Fmedia&parent=86100"}],"wp:term":[{"taxonomy":"category","embeddable":true,"href":"https:\/\/estado29.mx\/index.php?rest_route=%2Fwp%2Fv2%2Fcategories&post=86100"},{"taxonomy":"post_tag","embeddable":true,"href":"https:\/\/estado29.mx\/index.php?rest_route=%2Fwp%2Fv2%2Ftags&post=86100"}],"curies":[{"name":"wp","href":"https:\/\/api.w.org\/{rel}","templated":true}]}}