{"id":86149,"date":"2023-05-16T15:57:46","date_gmt":"2023-05-16T15:57:46","guid":{"rendered":"https:\/\/estado29.mx\/?p=86149"},"modified":"2023-05-16T15:57:47","modified_gmt":"2023-05-16T15:57:47","slug":"el-diputado-federal-alejandro-aguilar-lopez-reconoce-la-labor-transformadora-de-las-maestras-y-maestros-de-tlaxcala","status":"publish","type":"post","link":"https:\/\/estado29.mx\/?p=86149","title":{"rendered":"El diputado federal Alejandro Aguilar L\u00f3pez reconoce la labor transformadora de las maestras y maestros de Tlaxcala"},"content":{"rendered":"\n<p>ManuelRojas.- Hoy es muy importante reconocer la labor transformadora de un maestro o maestra del territorio urbano o en las comunidades donde labora, enfatiz\u00f3 el diputado federal Alejandro Aguilar L\u00f3pez, este lunes 15 de Mayo.<\/p>\n\n\n\n<p>Expuso que cada escuela es un recinto de aprendizajes impulsados con paciencia y amor por cada docente , donde se educa se logra el progreso.<\/p>\n\n\n\n<p>El Legislador tlaxcalteca integrante del Grupo Parlamentario del Partido del Trabajo (GPPT), explic\u00f3 que si pensamos en qui\u00e9n es un maestro, podemos acudir a la definici\u00f3n textual emitida por la Real Academia de la Lengua Espa\u00f1ola que define al maestro como aquella persona que ense\u00f1a una ciencia, arte u oficio, o tiene el t\u00edtulo para hacerlo; pero tambi\u00e9n podemos recordar a aquellas personas que en el transcurso de la vida pueden transformar la manera de ver nuestro mundo y nuestra realidad.<\/p>\n\n\n\n<p>El diputado federal Alejandro Aguilar resalt\u00f3 el anuncio que este d\u00eda realiz\u00f3 el presidente de M\u00e9xico, Andr\u00e9s Manuel L\u00f3pez Obrador, sobre el aumento de salario para docentes, por lo que ning\u00fan maestro ganar\u00e1 menos de 16 mil pesos mensuales.<\/p>\n\n\n\n<p>El Congresista destac\u00f3 que este D\u00eda del Maestro el Oresidente de la Rep\u00fablica asegur\u00f3 que se han basificado m\u00e1s de 800 mil trabajadores de la educaci\u00f3n, as\u00ed como que se manera retroactiva, es decir, desde enero pasado, aplicar\u00e1 un aumento al sueldo de maestras y maestros y de todos los que laboran en el sector educativo de 8.2%\u201d, asegur\u00f3 durante la conferencia de prensa de este 15 de mayo.<\/p>\n\n\n\n<p>En este sentido a\u00f1adi\u00f3 que ning\u00fan maestro ganar\u00e1 menos de 16 mil pesos mensuales, que es el promedio que obtienen actualmente los trabajadores inscritos en el Seguro Social.<\/p>\n\n\n\n<p>El&nbsp;15 de mayo se celebra el D\u00eda del Maestro en M\u00e9xico. Se trata de un momento para&nbsp;reconocer y festejar a docentes de todo el pa\u00eds. Este&nbsp;d\u00eda festivo qued\u00f3 establecido en&nbsp;1917&nbsp;gracias a la iniciativa del entonces presidente de M\u00e9xico, Venustiano Carranza. Sin embargo, la primera vez que se celebr\u00f3 oficialmente fue exactamente un a\u00f1o despu\u00e9s, en 1918.<\/p>\n","protected":false},"excerpt":{"rendered":"<p>ManuelRojas.- Hoy es muy importante reconocer la labor transformadora de un maestro o maestra del territorio urbano o en las comunidades donde labora, enfatiz\u00f3 el diputado federal Alejandro Aguilar L\u00f3pez, este lunes 15 de Mayo. Expuso que cada escuela es un recinto de aprendizajes impulsados con paciencia y amor por cada docente , donde se [&hellip;]<\/p>\n","protected":false},"author":4,"featured_media":86150,"comment_status":"open","ping_status":"open","sticky":false,"template":"","format":"standard","meta":{"om_disable_all_campaigns":false,"_monsterinsights_skip_tracking":false,"_monsterinsights_sitenote_active":false,"_monsterinsights_sitenote_note":"","_monsterinsights_sitenote_category":0,"jnews-multi-image_gallery":[],"jnews_single_post":{"subtitle":"","format":"standard","video":"","gallery":"","source_name":"","source_url":"","via_name":"","via_url":"","override_template":"0","override":[{"template":"1","single_blog_custom":"","parallax":"1","fullscreen":"1","layout":"right-sidebar","sidebar":"default-sidebar","second_sidebar":"default-sidebar","sticky_sidebar":"1","share_position":"top","share_float_style":"share-monocrhome","show_share_counter":"1","show_view_counter":"1","show_featured":"1","show_post_meta":"1","show_post_author":"1","show_post_author_image":"1","show_post_date":"1","post_date_format":"default","post_date_format_custom":"Y\/m\/d","show_post_category":"1","show_post_reading_time":"0","post_reading_time_wpm":"300","show_zoom_button":"0","zoom_button_out_step":"2","zoom_button_in_step":"3","show_post_tag":"1","show_prev_next_post":"1","show_popup_post":"1","number_popup_post":"1","show_author_box":"1","show_post_related":"0","show_inline_post_related":"0"}],"override_image_size":"0","image_override":[{"single_post_thumbnail_size":"crop-500","single_post_gallery_size":"crop-500"}],"trending_post":"0","trending_post_position":"meta","trending_post_label":"Trending","sponsored_post":"0","sponsored_post_label":"Sponsored by","sponsored_post_name":"","sponsored_post_url":"","sponsored_post_logo_enable":"0","sponsored_post_logo":"","sponsored_post_desc":"","disable_ad":"0"},"jnews_primary_category":{"id":""},"footnotes":""},"categories":[43],"tags":[1150],"class_list":["post-86149","post","type-post","status-publish","format-standard","has-post-thumbnail","hentry","category-estado","tag-dip-federal-jaal-maestros-maestras"],"aioseo_notices":[],"_links":{"self":[{"href":"https:\/\/estado29.mx\/index.php?rest_route=\/wp\/v2\/posts\/86149","targetHints":{"allow":["GET"]}}],"collection":[{"href":"https:\/\/estado29.mx\/index.php?rest_route=\/wp\/v2\/posts"}],"about":[{"href":"https:\/\/estado29.mx\/index.php?rest_route=\/wp\/v2\/types\/post"}],"author":[{"embeddable":true,"href":"https:\/\/estado29.mx\/index.php?rest_route=\/wp\/v2\/users\/4"}],"replies":[{"embeddable":true,"href":"https:\/\/estado29.mx\/index.php?rest_route=%2Fwp%2Fv2%2Fcomments&post=86149"}],"version-history":[{"count":1,"href":"https:\/\/estado29.mx\/index.php?rest_route=\/wp\/v2\/posts\/86149\/revisions"}],"predecessor-version":[{"id":86151,"href":"https:\/\/estado29.mx\/index.php?rest_route=\/wp\/v2\/posts\/86149\/revisions\/86151"}],"wp:featuredmedia":[{"embeddable":true,"href":"https:\/\/estado29.mx\/index.php?rest_route=\/wp\/v2\/media\/86150"}],"wp:attachment":[{"href":"https:\/\/estado29.mx\/index.php?rest_route=%2Fwp%2Fv2%2Fmedia&parent=86149"}],"wp:term":[{"taxonomy":"category","embeddable":true,"href":"https:\/\/estado29.mx\/index.php?rest_route=%2Fwp%2Fv2%2Fcategories&post=86149"},{"taxonomy":"post_tag","embeddable":true,"href":"https:\/\/estado29.mx\/index.php?rest_route=%2Fwp%2Fv2%2Ftags&post=86149"}],"curies":[{"name":"wp","href":"https:\/\/api.w.org\/{rel}","templated":true}]}}