{"id":86152,"date":"2023-05-16T16:32:42","date_gmt":"2023-05-16T16:32:42","guid":{"rendered":"https:\/\/estado29.mx\/?p=86152"},"modified":"2023-05-16T16:32:43","modified_gmt":"2023-05-16T16:32:43","slug":"inicia-pgje-carpeta-de-investigacion-por-localizacion-de-craneo-en-ixtacuixtla","status":"publish","type":"post","link":"https:\/\/estado29.mx\/?p=86152","title":{"rendered":"Inicia PGJE carpeta de investigaci\u00f3n por localizaci\u00f3n de cr\u00e1neo en Ixtacuixtla"},"content":{"rendered":"\n<p>Personal del Servicio M\u00e9dico Forense (Semefo) adscrito a la Procuradur\u00eda General de Justicia del Estado (PGJE) acudi\u00f3 a la calle Fray Pedro de Gante en el municipio de Ixtacuixtla para realizar el levantamiento de un cr\u00e1neo humano, localizado la ma\u00f1ana de este 16 de mayo.<\/p>\n\n\n\n<p>Derivado de un reporte al Servicio de Emergencias 911, en el que informaron sobre el hallazgo de un cr\u00e1neo que era devorado por perros, elementos policiacos de la localidad referida se trasladaron como primer respondiente.<\/p>\n\n\n\n<p>La Procuradur\u00eda General de Justicia del Estado a trav\u00e9s del agente del Ministerio P\u00fablico ejecutar\u00e1 las pesquisas correspondientes, para esclarecer este hecho.<\/p>\n","protected":false},"excerpt":{"rendered":"<p>Personal del Servicio M\u00e9dico Forense (Semefo) adscrito a la Procuradur\u00eda General de Justicia del Estado (PGJE) acudi\u00f3 a la calle Fray Pedro de Gante en el municipio de Ixtacuixtla para realizar el levantamiento de un cr\u00e1neo humano, localizado la ma\u00f1ana de este 16 de mayo. Derivado de un reporte al Servicio de Emergencias 911, en [&hellip;]<\/p>\n","protected":false},"author":4,"featured_media":86153,"comment_status":"open","ping_status":"open","sticky":false,"template":"","format":"standard","meta":{"om_disable_all_campaigns":false,"_monsterinsights_skip_tracking":false,"_monsterinsights_sitenote_active":false,"_monsterinsights_sitenote_note":"","_monsterinsights_sitenote_category":0,"jnews-multi-image_gallery":[],"jnews_single_post":{"subtitle":"","format":"standard","video":"","gallery":"","source_name":"","source_url":"","via_name":"","via_url":"","override_template":"0","override":[{"template":"1","single_blog_custom":"","parallax":"1","fullscreen":"1","layout":"right-sidebar","sidebar":"default-sidebar","second_sidebar":"default-sidebar","sticky_sidebar":"1","share_position":"top","share_float_style":"share-monocrhome","show_share_counter":"1","show_view_counter":"1","show_featured":"1","show_post_meta":"1","show_post_author":"1","show_post_author_image":"1","show_post_date":"1","post_date_format":"default","post_date_format_custom":"Y\/m\/d","show_post_category":"1","show_post_reading_time":"0","post_reading_time_wpm":"300","show_zoom_button":"0","zoom_button_out_step":"2","zoom_button_in_step":"3","show_post_tag":"1","show_prev_next_post":"1","show_popup_post":"1","number_popup_post":"1","show_author_box":"1","show_post_related":"0","show_inline_post_related":"0"}],"override_image_size":"0","image_override":[{"single_post_thumbnail_size":"crop-500","single_post_gallery_size":"crop-500"}],"trending_post":"0","trending_post_position":"meta","trending_post_label":"Trending","sponsored_post":"0","sponsored_post_label":"Sponsored by","sponsored_post_name":"","sponsored_post_url":"","sponsored_post_logo_enable":"0","sponsored_post_logo":"","sponsored_post_desc":"","disable_ad":"0"},"jnews_primary_category":{"id":""},"footnotes":""},"categories":[43,52],"tags":[150,110,96],"class_list":["post-86152","post","type-post","status-publish","format-standard","has-post-thumbnail","hentry","category-estado","category-gobierno-de-tlaxcala","tag-gobierno-del-estado","tag-municipios","tag-tlaxcala"],"aioseo_notices":[],"_links":{"self":[{"href":"https:\/\/estado29.mx\/index.php?rest_route=\/wp\/v2\/posts\/86152","targetHints":{"allow":["GET"]}}],"collection":[{"href":"https:\/\/estado29.mx\/index.php?rest_route=\/wp\/v2\/posts"}],"about":[{"href":"https:\/\/estado29.mx\/index.php?rest_route=\/wp\/v2\/types\/post"}],"author":[{"embeddable":true,"href":"https:\/\/estado29.mx\/index.php?rest_route=\/wp\/v2\/users\/4"}],"replies":[{"embeddable":true,"href":"https:\/\/estado29.mx\/index.php?rest_route=%2Fwp%2Fv2%2Fcomments&post=86152"}],"version-history":[{"count":1,"href":"https:\/\/estado29.mx\/index.php?rest_route=\/wp\/v2\/posts\/86152\/revisions"}],"predecessor-version":[{"id":86154,"href":"https:\/\/estado29.mx\/index.php?rest_route=\/wp\/v2\/posts\/86152\/revisions\/86154"}],"wp:featuredmedia":[{"embeddable":true,"href":"https:\/\/estado29.mx\/index.php?rest_route=\/wp\/v2\/media\/86153"}],"wp:attachment":[{"href":"https:\/\/estado29.mx\/index.php?rest_route=%2Fwp%2Fv2%2Fmedia&parent=86152"}],"wp:term":[{"taxonomy":"category","embeddable":true,"href":"https:\/\/estado29.mx\/index.php?rest_route=%2Fwp%2Fv2%2Fcategories&post=86152"},{"taxonomy":"post_tag","embeddable":true,"href":"https:\/\/estado29.mx\/index.php?rest_route=%2Fwp%2Fv2%2Ftags&post=86152"}],"curies":[{"name":"wp","href":"https:\/\/api.w.org\/{rel}","templated":true}]}}