{"id":86158,"date":"2023-05-16T16:45:18","date_gmt":"2023-05-16T16:45:18","guid":{"rendered":"https:\/\/estado29.mx\/?p=86158"},"modified":"2023-05-16T16:45:19","modified_gmt":"2023-05-16T16:45:19","slug":"con-la-presencia-de-lazaro-cardenas-batel-y-hector-vasconcelos-marcelo-ebrard-recibe-doctorado-honoris-causa","status":"publish","type":"post","link":"https:\/\/estado29.mx\/?p=86158","title":{"rendered":"Con la presencia de L\u00e1zaro C\u00e1rdenas Batel y H\u00e9ctor Vasconcelos, Marcelo Ebrard recibe Doctorado Honoris Causa"},"content":{"rendered":"\n<p><br>Este d\u00eda, el Secretario de Relaciones Exteriores Marcelo Ebrard Casaub\u00f3n, recibi\u00f3 un Doctorado Honoris Causa otorgado por el Instituto Nacional de Administraci\u00f3n P\u00fablica (INAP), A. C.<\/p>\n\n\n\n<p>Como testigos e invitados especiales asisti\u00f3 L\u00e1zaro C\u00e1rdenas Batel, ex coordinador de asesores del presidente de la Rep\u00fablica Andr\u00e9s Manuel L\u00f3pez Obrador y el senador, H\u00e9ctor Vasconcelos, hijo de Jos\u00e9 Vasconcelos, primer Secretario de Educaci\u00f3n P\u00fablica del pa\u00eds y quien es considerado uno de los principales impulsores de la igualdad y la educaci\u00f3n rural en M\u00e9xico.<\/p>\n\n\n\n<p>En tan relevante acto, tambi\u00e9n asistieron legisladores federales como Bertha Caraveo, Rafael Espino, Selene \u00c1vila y Carol Altamirano.<\/p>\n\n\n\n<p>En breve entrevista telef\u00f3nica, Carol Altamirano consider\u00f3 que esta es una gran distinci\u00f3n a un hombre que ha entregado su vida entera al servicio p\u00fablico, y que siempre ha dado resultados positivos para el pueblo y para M\u00e9xico y sobre todo, que ha ayudado mucho a la gente que m\u00e1s lo ha necesitado.<\/p>\n\n\n\n<p>Es de resaltar que Ebrard Casaub\u00f3n recibi\u00f3 el sexto Doctorado Honoris Causa que ha otorgado a lo largo de m\u00e1s de 60 a\u00f1os de historia del INAP, y en esta ocasi\u00f3n lo entreg\u00f3 el Presidente del Consejo Directivo, Luis Miguel Mart\u00ednez Anzures<\/p>\n","protected":false},"excerpt":{"rendered":"<p>Este d\u00eda, el Secretario de Relaciones Exteriores Marcelo Ebrard Casaub\u00f3n, recibi\u00f3 un Doctorado Honoris Causa otorgado por el Instituto Nacional de Administraci\u00f3n P\u00fablica (INAP), A. C. Como testigos e invitados especiales asisti\u00f3 L\u00e1zaro C\u00e1rdenas Batel, ex coordinador de asesores del presidente de la Rep\u00fablica Andr\u00e9s Manuel L\u00f3pez Obrador y el senador, H\u00e9ctor Vasconcelos, hijo de [&hellip;]<\/p>\n","protected":false},"author":4,"featured_media":86159,"comment_status":"open","ping_status":"open","sticky":false,"template":"","format":"standard","meta":{"om_disable_all_campaigns":false,"_monsterinsights_skip_tracking":false,"_monsterinsights_sitenote_active":false,"_monsterinsights_sitenote_note":"","_monsterinsights_sitenote_category":0,"jnews-multi-image_gallery":[],"jnews_single_post":{"subtitle":"","format":"standard","video":"","gallery":"","source_name":"","source_url":"","via_name":"","via_url":"","override_template":"0","override":[{"template":"1","single_blog_custom":"","parallax":"1","fullscreen":"1","layout":"right-sidebar","sidebar":"default-sidebar","second_sidebar":"default-sidebar","sticky_sidebar":"1","share_position":"top","share_float_style":"share-monocrhome","show_share_counter":"1","show_view_counter":"1","show_featured":"1","show_post_meta":"1","show_post_author":"1","show_post_author_image":"1","show_post_date":"1","post_date_format":"default","post_date_format_custom":"Y\/m\/d","show_post_category":"1","show_post_reading_time":"0","post_reading_time_wpm":"300","show_zoom_button":"0","zoom_button_out_step":"2","zoom_button_in_step":"3","show_post_tag":"1","show_prev_next_post":"1","show_popup_post":"1","number_popup_post":"1","show_author_box":"1","show_post_related":"0","show_inline_post_related":"0"}],"override_image_size":"0","image_override":[{"single_post_thumbnail_size":"crop-500","single_post_gallery_size":"crop-500"}],"trending_post":"0","trending_post_position":"meta","trending_post_label":"Trending","sponsored_post":"0","sponsored_post_label":"Sponsored by","sponsored_post_name":"","sponsored_post_url":"","sponsored_post_logo_enable":"0","sponsored_post_logo":"","sponsored_post_desc":"","disable_ad":"0"},"jnews_primary_category":{"id":""},"footnotes":""},"categories":[43,51,59,46],"tags":[],"class_list":["post-86158","post","type-post","status-publish","format-standard","has-post-thumbnail","hentry","category-estado","category-nacional","category-partidos-politicos","category-politica"],"aioseo_notices":[],"_links":{"self":[{"href":"https:\/\/estado29.mx\/index.php?rest_route=\/wp\/v2\/posts\/86158","targetHints":{"allow":["GET"]}}],"collection":[{"href":"https:\/\/estado29.mx\/index.php?rest_route=\/wp\/v2\/posts"}],"about":[{"href":"https:\/\/estado29.mx\/index.php?rest_route=\/wp\/v2\/types\/post"}],"author":[{"embeddable":true,"href":"https:\/\/estado29.mx\/index.php?rest_route=\/wp\/v2\/users\/4"}],"replies":[{"embeddable":true,"href":"https:\/\/estado29.mx\/index.php?rest_route=%2Fwp%2Fv2%2Fcomments&post=86158"}],"version-history":[{"count":1,"href":"https:\/\/estado29.mx\/index.php?rest_route=\/wp\/v2\/posts\/86158\/revisions"}],"predecessor-version":[{"id":86160,"href":"https:\/\/estado29.mx\/index.php?rest_route=\/wp\/v2\/posts\/86158\/revisions\/86160"}],"wp:featuredmedia":[{"embeddable":true,"href":"https:\/\/estado29.mx\/index.php?rest_route=\/wp\/v2\/media\/86159"}],"wp:attachment":[{"href":"https:\/\/estado29.mx\/index.php?rest_route=%2Fwp%2Fv2%2Fmedia&parent=86158"}],"wp:term":[{"taxonomy":"category","embeddable":true,"href":"https:\/\/estado29.mx\/index.php?rest_route=%2Fwp%2Fv2%2Fcategories&post=86158"},{"taxonomy":"post_tag","embeddable":true,"href":"https:\/\/estado29.mx\/index.php?rest_route=%2Fwp%2Fv2%2Ftags&post=86158"}],"curies":[{"name":"wp","href":"https:\/\/api.w.org\/{rel}","templated":true}]}}