{"id":86195,"date":"2023-05-17T19:41:49","date_gmt":"2023-05-17T19:41:49","guid":{"rendered":"https:\/\/estado29.mx\/?p=86195"},"modified":"2023-05-17T19:41:50","modified_gmt":"2023-05-17T19:41:50","slug":"santa-fe-klan-responde-a-acusaciones-de-que-es-un-mal-papa","status":"publish","type":"post","link":"https:\/\/estado29.mx\/?p=86195","title":{"rendered":"Santa Fe Klan responde a acusaciones de que es un mal pap\u00e1."},"content":{"rendered":"\n<p>Santa Fe Klan ha acaparado los reflectores desde que se dej\u00f3 ver muy cari\u00f1oso con Karely Ruiz, por eso algunos internautas lo han tachado de ser un mal padre.<\/p>\n\n\n\n<p><strong>Santa Fe Klan<\/strong>&nbsp;ha estado en el ojo del hurac\u00e1n desde que se separ\u00f3 de&nbsp;<strong>Maya Nazor<\/strong>&nbsp;a escasos meses de que naciera su hijo&nbsp;<strong>Luka<\/strong>, sobre todo porque se ha dejado ver con otras mujeres, entre ellas&nbsp;<strong>Karely Ruiz<\/strong>, con quien al parecer tiene un romance, hecho que le ha valido ser considerado como un mal padre.<\/p>\n\n\n\n<p>El rapero guanajuatense de 23 a\u00f1os ha sido blanco de cr\u00edticas por su aparente relaci\u00f3n con\u00a0<strong>Karely Ruiz,<\/strong>\u00a0pues muchos lo han tachado de ser un mal padre y descuidar al peque\u00f1o\u00a0<strong>Luka<\/strong>. Por ello, a trav\u00e9s de su cuenta de\u00a0<strong>Instagram<\/strong>\u00a0el int\u00e9rprete de\u00a0<strong>\u201cAs\u00ed soy\u201d y \u201cMar y tierra\u201d,<\/strong>\u00a0entre otros, estall\u00f3 y demostr\u00f3 que ama a su peque\u00f1o aunque no pasa mucho tiempo con \u00e9l.<\/p>\n","protected":false},"excerpt":{"rendered":"<p>Santa Fe Klan ha acaparado los reflectores desde que se dej\u00f3 ver muy cari\u00f1oso con Karely Ruiz, por eso algunos internautas lo han tachado de ser un mal padre. Santa Fe Klan&nbsp;ha estado en el ojo del hurac\u00e1n desde que se separ\u00f3 de&nbsp;Maya Nazor&nbsp;a escasos meses de que naciera su hijo&nbsp;Luka, sobre todo porque se [&hellip;]<\/p>\n","protected":false},"author":4,"featured_media":86196,"comment_status":"open","ping_status":"open","sticky":false,"template":"","format":"standard","meta":{"om_disable_all_campaigns":false,"_monsterinsights_skip_tracking":false,"_monsterinsights_sitenote_active":false,"_monsterinsights_sitenote_note":"","_monsterinsights_sitenote_category":0,"jnews-multi-image_gallery":[],"jnews_single_post":{"subtitle":"","format":"standard","video":"","gallery":"","source_name":"","source_url":"","via_name":"","via_url":"","override_template":"0","override":[{"template":"1","single_blog_custom":"","parallax":"1","fullscreen":"1","layout":"right-sidebar","sidebar":"default-sidebar","second_sidebar":"default-sidebar","sticky_sidebar":"1","share_position":"top","share_float_style":"share-monocrhome","show_share_counter":"1","show_view_counter":"1","show_featured":"1","show_post_meta":"1","show_post_author":"1","show_post_author_image":"1","show_post_date":"1","post_date_format":"default","post_date_format_custom":"Y\/m\/d","show_post_category":"1","show_post_reading_time":"0","post_reading_time_wpm":"300","show_zoom_button":"0","zoom_button_out_step":"2","zoom_button_in_step":"3","show_post_tag":"1","show_prev_next_post":"1","show_popup_post":"1","number_popup_post":"1","show_author_box":"1","show_post_related":"0","show_inline_post_related":"0"}],"override_image_size":"0","image_override":[{"single_post_thumbnail_size":"crop-500","single_post_gallery_size":"crop-500"}],"trending_post":"0","trending_post_position":"meta","trending_post_label":"Trending","sponsored_post":"0","sponsored_post_label":"Sponsored by","sponsored_post_name":"","sponsored_post_url":"","sponsored_post_logo_enable":"0","sponsored_post_logo":"","sponsored_post_desc":"","disable_ad":"0"},"jnews_primary_category":{"id":""},"footnotes":""},"categories":[48,69],"tags":[],"class_list":["post-86195","post","type-post","status-publish","format-standard","has-post-thumbnail","hentry","category-entretenimiento","category-musica"],"aioseo_notices":[],"_links":{"self":[{"href":"https:\/\/estado29.mx\/index.php?rest_route=\/wp\/v2\/posts\/86195","targetHints":{"allow":["GET"]}}],"collection":[{"href":"https:\/\/estado29.mx\/index.php?rest_route=\/wp\/v2\/posts"}],"about":[{"href":"https:\/\/estado29.mx\/index.php?rest_route=\/wp\/v2\/types\/post"}],"author":[{"embeddable":true,"href":"https:\/\/estado29.mx\/index.php?rest_route=\/wp\/v2\/users\/4"}],"replies":[{"embeddable":true,"href":"https:\/\/estado29.mx\/index.php?rest_route=%2Fwp%2Fv2%2Fcomments&post=86195"}],"version-history":[{"count":1,"href":"https:\/\/estado29.mx\/index.php?rest_route=\/wp\/v2\/posts\/86195\/revisions"}],"predecessor-version":[{"id":86197,"href":"https:\/\/estado29.mx\/index.php?rest_route=\/wp\/v2\/posts\/86195\/revisions\/86197"}],"wp:featuredmedia":[{"embeddable":true,"href":"https:\/\/estado29.mx\/index.php?rest_route=\/wp\/v2\/media\/86196"}],"wp:attachment":[{"href":"https:\/\/estado29.mx\/index.php?rest_route=%2Fwp%2Fv2%2Fmedia&parent=86195"}],"wp:term":[{"taxonomy":"category","embeddable":true,"href":"https:\/\/estado29.mx\/index.php?rest_route=%2Fwp%2Fv2%2Fcategories&post=86195"},{"taxonomy":"post_tag","embeddable":true,"href":"https:\/\/estado29.mx\/index.php?rest_route=%2Fwp%2Fv2%2Ftags&post=86195"}],"curies":[{"name":"wp","href":"https:\/\/api.w.org\/{rel}","templated":true}]}}