{"id":86431,"date":"2023-05-29T06:02:32","date_gmt":"2023-05-29T06:02:32","guid":{"rendered":"https:\/\/estado29.mx\/?p=86431"},"modified":"2023-05-29T06:02:33","modified_gmt":"2023-05-29T06:02:33","slug":"choque-frontal-deja-una-mujer-sin-vida-y-8-mas-lesionados-entre-puebla-y-tlaxcala","status":"publish","type":"post","link":"https:\/\/estado29.mx\/?p=86431","title":{"rendered":"Choque frontal deja una mujer sin vida y 8 m\u00e1s lesionados entre Puebla y Tlaxcala."},"content":{"rendered":"\n<p>Al rededor de las 7:00 de la noche de este domingo, se registr\u00f3 un fuerte accidente automovil\u00edstico sobre la carretera Tequexquitla &#8211; Zacatepec, resultando involucrados dos veh\u00edculos particulares.<\/p>\n\n\n\n<p>Fue un choque de manera frontal contra un autom\u00f3vil color gris y una camioneta color negro impactar\u00e1n y dejara un saldo de 8 personas lesionadas entre ellas menores de edad.<\/p>\n\n\n\n<p>Los lesionados fueron trasladados a distintos nosocomios para su atenci\u00f3n m\u00e9dica por ambulancias de distintos lugares.<\/p>\n\n\n\n<p>Ah\u00ed una mujer de aproximadamente 45 a\u00f1os de edad perdi\u00f3 la vida, originaria de Alchochica Tepeyahualco Puebla, por lo que la zona fue acordonada.<\/p>\n\n\n\n<p>Aunque este hecho se dio en los l\u00edmites de Puebla y Tlaxcala, fue la Procuradur\u00eda General de Justicia del Estado as\u00ed como el Servicio M\u00e9dico Forense, quienes se encargaron de las diligencias.<\/p>\n","protected":false},"excerpt":{"rendered":"<p>Al rededor de las 7:00 de la noche de este domingo, se registr\u00f3 un fuerte accidente automovil\u00edstico sobre la carretera Tequexquitla &#8211; Zacatepec, resultando involucrados dos veh\u00edculos particulares. Fue un choque de manera frontal contra un autom\u00f3vil color gris y una camioneta color negro impactar\u00e1n y dejara un saldo de 8 personas lesionadas entre ellas [&hellip;]<\/p>\n","protected":false},"author":5,"featured_media":86432,"comment_status":"open","ping_status":"open","sticky":false,"template":"","format":"standard","meta":{"om_disable_all_campaigns":false,"_monsterinsights_skip_tracking":false,"_monsterinsights_sitenote_active":false,"_monsterinsights_sitenote_note":"","_monsterinsights_sitenote_category":0,"jnews-multi-image_gallery":[],"jnews_single_post":{"subtitle":"","format":"standard","video":"","gallery":"","source_name":"","source_url":"","via_name":"","via_url":"","override_template":"0","override":[{"template":"1","single_blog_custom":"","parallax":"1","fullscreen":"1","layout":"right-sidebar","sidebar":"default-sidebar","second_sidebar":"default-sidebar","sticky_sidebar":"1","share_position":"top","share_float_style":"share-monocrhome","show_share_counter":"1","show_view_counter":"1","show_featured":"1","show_post_meta":"1","show_post_author":"1","show_post_author_image":"1","show_post_date":"1","post_date_format":"default","post_date_format_custom":"Y\/m\/d","show_post_category":"1","show_post_reading_time":"0","post_reading_time_wpm":"300","show_zoom_button":"0","zoom_button_out_step":"2","zoom_button_in_step":"3","show_post_tag":"1","show_prev_next_post":"1","show_popup_post":"1","number_popup_post":"1","show_author_box":"1","show_post_related":"0","show_inline_post_related":"0"}],"override_image_size":"0","image_override":[{"single_post_thumbnail_size":"crop-500","single_post_gallery_size":"crop-500"}],"trending_post":"0","trending_post_position":"meta","trending_post_label":"Trending","sponsored_post":"0","sponsored_post_label":"Sponsored by","sponsored_post_name":"","sponsored_post_url":"","sponsored_post_logo_enable":"0","sponsored_post_logo":"","sponsored_post_desc":"","disable_ad":"0"},"jnews_primary_category":{"id":""},"footnotes":""},"categories":[43,47],"tags":[337,195,676],"class_list":["post-86431","post","type-post","status-publish","format-standard","has-post-thumbnail","hentry","category-estado","category-municipios","tag-accidente","tag-choque","tag-tequexquitla"],"aioseo_notices":[],"_links":{"self":[{"href":"https:\/\/estado29.mx\/index.php?rest_route=\/wp\/v2\/posts\/86431","targetHints":{"allow":["GET"]}}],"collection":[{"href":"https:\/\/estado29.mx\/index.php?rest_route=\/wp\/v2\/posts"}],"about":[{"href":"https:\/\/estado29.mx\/index.php?rest_route=\/wp\/v2\/types\/post"}],"author":[{"embeddable":true,"href":"https:\/\/estado29.mx\/index.php?rest_route=\/wp\/v2\/users\/5"}],"replies":[{"embeddable":true,"href":"https:\/\/estado29.mx\/index.php?rest_route=%2Fwp%2Fv2%2Fcomments&post=86431"}],"version-history":[{"count":1,"href":"https:\/\/estado29.mx\/index.php?rest_route=\/wp\/v2\/posts\/86431\/revisions"}],"predecessor-version":[{"id":86433,"href":"https:\/\/estado29.mx\/index.php?rest_route=\/wp\/v2\/posts\/86431\/revisions\/86433"}],"wp:featuredmedia":[{"embeddable":true,"href":"https:\/\/estado29.mx\/index.php?rest_route=\/wp\/v2\/media\/86432"}],"wp:attachment":[{"href":"https:\/\/estado29.mx\/index.php?rest_route=%2Fwp%2Fv2%2Fmedia&parent=86431"}],"wp:term":[{"taxonomy":"category","embeddable":true,"href":"https:\/\/estado29.mx\/index.php?rest_route=%2Fwp%2Fv2%2Fcategories&post=86431"},{"taxonomy":"post_tag","embeddable":true,"href":"https:\/\/estado29.mx\/index.php?rest_route=%2Fwp%2Fv2%2Ftags&post=86431"}],"curies":[{"name":"wp","href":"https:\/\/api.w.org\/{rel}","templated":true}]}}