{"id":86591,"date":"2023-06-06T16:33:06","date_gmt":"2023-06-06T16:33:06","guid":{"rendered":"https:\/\/estado29.mx\/?p=86591"},"modified":"2023-06-06T16:33:08","modified_gmt":"2023-06-06T16:33:08","slug":"en-persecucion-detiene-policia-de-chiautempan-a-conductor-de-trailer-por-danar-una-motopatrulla","status":"publish","type":"post","link":"https:\/\/estado29.mx\/?p=86591","title":{"rendered":"En persecuci\u00f3n, detiene Polic\u00eda de Chiautempan a conductor de tr\u00e1iler por da\u00f1ar una #motopatrulla"},"content":{"rendered":"\n<p>La Direcci\u00f3n de Seguridad P\u00fablica Municipal, Vialidad y Protecci\u00f3n Civil de Chiautempan inform\u00f3 sobre la detenci\u00f3n de V\u00edctor N., conductor de un tractocami\u00f3n por ocasionarle da\u00f1os a una moto patrulla adscrita a la corporaci\u00f3n policiaca.<\/p>\n\n\n\n<p>Al circular sobre la calle Antonio D\u00edaz Varela, el tractocami\u00f3n, a causa de una mala maniobra de manejo por parte del conductor, provoc\u00f3 que la <a><\/a>pesada unidad golpeara a la unidad oficial, lo que dej\u00f3 da\u00f1os materiales.<\/p>\n\n\n\n<p>De inmediato, el conductor intent\u00f3 darse a la fuga al incorporarse a la carretera V\u00eda Corta Santa Ana &#8211; Puebla con direcci\u00f3n a Apizaco, por lo cual, elementos de Vialidad y del Grupo de Operaciones T\u00e1cticas (GOT) iniciaron una persecuci\u00f3n para la detenci\u00f3n del responsable de los da\u00f1os.<\/p>\n\n\n\n<p>Tras insistir de manera adecuada con el conductor para que \u00e9ste detuviera la marcha, fue cerca del Corredor Gastron\u00f3mico, casi en la entrada de Apetatitl\u00e1n, donde el operador fren\u00f3 la pesada unidad, pero sin descender del tractocami\u00f3n, incluso agredi\u00f3 verbalmente a los oficiales para tratar de escapar.<\/p>\n\n\n\n<p>Esto, amerit\u00f3 que los elementos del GOT implementaran maniobras de extracci\u00f3n y detenci\u00f3n para que el conductor fuera trasladado a la Direcci\u00f3n de Seguridad P\u00fablica Municipal, Vialidad y Protecci\u00f3n Civil para responder por los da\u00f1os materiales, el intento de escape y las agresiones verbales.<\/p>\n","protected":false},"excerpt":{"rendered":"<p>La Direcci\u00f3n de Seguridad P\u00fablica Municipal, Vialidad y Protecci\u00f3n Civil de Chiautempan inform\u00f3 sobre la detenci\u00f3n de V\u00edctor N., conductor de un tractocami\u00f3n por ocasionarle da\u00f1os a una moto patrulla adscrita a la corporaci\u00f3n policiaca. Al circular sobre la calle Antonio D\u00edaz Varela, el tractocami\u00f3n, a causa de una mala maniobra de manejo por parte [&hellip;]<\/p>\n","protected":false},"author":4,"featured_media":86592,"comment_status":"open","ping_status":"open","sticky":false,"template":"","format":"standard","meta":{"om_disable_all_campaigns":false,"_monsterinsights_skip_tracking":false,"_monsterinsights_sitenote_active":false,"_monsterinsights_sitenote_note":"","_monsterinsights_sitenote_category":0,"jnews-multi-image_gallery":[],"jnews_single_post":{"subtitle":"","format":"standard","video":"","gallery":"","source_name":"","source_url":"","via_name":"","via_url":"","override_template":"0","override":[{"template":"1","single_blog_custom":"","parallax":"1","fullscreen":"1","layout":"right-sidebar","sidebar":"default-sidebar","second_sidebar":"default-sidebar","sticky_sidebar":"1","share_position":"top","share_float_style":"share-monocrhome","show_share_counter":"1","show_view_counter":"1","show_featured":"1","show_post_meta":"1","show_post_author":"1","show_post_author_image":"1","show_post_date":"1","post_date_format":"default","post_date_format_custom":"Y\/m\/d","show_post_category":"1","show_post_reading_time":"0","post_reading_time_wpm":"300","show_zoom_button":"0","zoom_button_out_step":"2","zoom_button_in_step":"3","show_post_tag":"1","show_prev_next_post":"1","show_popup_post":"1","number_popup_post":"1","show_author_box":"1","show_post_related":"0","show_inline_post_related":"0"}],"override_image_size":"0","image_override":[{"single_post_thumbnail_size":"crop-500","single_post_gallery_size":"crop-500"}],"trending_post":"0","trending_post_position":"meta","trending_post_label":"Trending","sponsored_post":"0","sponsored_post_label":"Sponsored by","sponsored_post_name":"","sponsored_post_url":"","sponsored_post_logo_enable":"0","sponsored_post_logo":"","sponsored_post_desc":"","disable_ad":"0"},"jnews_primary_category":{"id":""},"footnotes":""},"categories":[43,52,47],"tags":[150,110,119,118,96],"class_list":["post-86591","post","type-post","status-publish","format-standard","has-post-thumbnail","hentry","category-estado","category-gobierno-de-tlaxcala","category-municipios","tag-gobierno-del-estado","tag-municipios","tag-seguridad","tag-ssc","tag-tlaxcala"],"aioseo_notices":[],"_links":{"self":[{"href":"https:\/\/estado29.mx\/index.php?rest_route=\/wp\/v2\/posts\/86591","targetHints":{"allow":["GET"]}}],"collection":[{"href":"https:\/\/estado29.mx\/index.php?rest_route=\/wp\/v2\/posts"}],"about":[{"href":"https:\/\/estado29.mx\/index.php?rest_route=\/wp\/v2\/types\/post"}],"author":[{"embeddable":true,"href":"https:\/\/estado29.mx\/index.php?rest_route=\/wp\/v2\/users\/4"}],"replies":[{"embeddable":true,"href":"https:\/\/estado29.mx\/index.php?rest_route=%2Fwp%2Fv2%2Fcomments&post=86591"}],"version-history":[{"count":1,"href":"https:\/\/estado29.mx\/index.php?rest_route=\/wp\/v2\/posts\/86591\/revisions"}],"predecessor-version":[{"id":86593,"href":"https:\/\/estado29.mx\/index.php?rest_route=\/wp\/v2\/posts\/86591\/revisions\/86593"}],"wp:featuredmedia":[{"embeddable":true,"href":"https:\/\/estado29.mx\/index.php?rest_route=\/wp\/v2\/media\/86592"}],"wp:attachment":[{"href":"https:\/\/estado29.mx\/index.php?rest_route=%2Fwp%2Fv2%2Fmedia&parent=86591"}],"wp:term":[{"taxonomy":"category","embeddable":true,"href":"https:\/\/estado29.mx\/index.php?rest_route=%2Fwp%2Fv2%2Fcategories&post=86591"},{"taxonomy":"post_tag","embeddable":true,"href":"https:\/\/estado29.mx\/index.php?rest_route=%2Fwp%2Fv2%2Ftags&post=86591"}],"curies":[{"name":"wp","href":"https:\/\/api.w.org\/{rel}","templated":true}]}}