{"id":86658,"date":"2023-06-09T20:07:51","date_gmt":"2023-06-09T20:07:51","guid":{"rendered":"https:\/\/estado29.mx\/?p=86658"},"modified":"2023-06-09T20:07:53","modified_gmt":"2023-06-09T20:07:53","slug":"brindara-briasa-huamantla-capacitaciones-a-coordinadores-de-proteccion-civil-de-municipios","status":"publish","type":"post","link":"https:\/\/estado29.mx\/?p=86658","title":{"rendered":"Brindar\u00e1 BRIASA Huamantla capacitaciones a Coordinadores de Protecci\u00f3n Civil de municipios."},"content":{"rendered":"\n<p>Gerardo Espinoza Jim\u00e9nez, Secretario General de la Brigada de Auxilios y Salvamento (BRIASA), delegaci\u00f3n Huamantla, enfatiz\u00f3 que se seguir\u00e1 capacitando a las Coordinaciones de Protecci\u00f3n Civil Municipal, en la prevenci\u00f3n de tornados y tormentas.<\/p>\n\n\n\n<p>Espinoza Jim\u00e9nez, resalt\u00f3 que se brindar\u00e1n cuatro capacitaciones m\u00e1s, mismas que ser\u00e1n de forma virtual y concluir\u00e1n el 30 de julio pr\u00f3ximo \u201clas pr\u00f3ximas capacitaciones que brindaremos a las coordinaciones de Protecci\u00f3n Civil de los diferentes municipios, van a ser por v\u00eda digital, a trav\u00e9s, pues de medios digitales, hasta el 30 de julio, que van a estar estas cuatro capacitaciones, pero ayer era important\u00edsimo, que estuvieran presentes estos coordinadores municipales\u201d.<\/p>\n\n\n\n<p><br>Espinoza Jim\u00e9nez, enfatiz\u00f3 que el la regi\u00f3n de Huamantla, se ha tenido presencia de tornados y tormentas en los \u00faltimos d\u00edas\u201cpues dimos a conocer, cu\u00e1ntos fen\u00f3menos naturales se han presentado en Huamantla, el pasado martes, como ustedes pudieron darse cuenta, perd\u00f3n, el d\u00eda lunes, eso de las cuatro o cinco de la tarde, se present\u00f3 un fen\u00f3meno de Huamantla, que casi no se hab\u00eda visto, que el cielo estaba totalmente despejado, y de momento se vino una tormenta fuerte, acompa\u00f1ada de granizo, qu\u00e9 quiere decir, que en alguna zona, existe la posibilidad de que se haya formado un tornado, no sabemos en que zona fue, porque nadie nos subi\u00f3 informaci\u00f3n, al respecto\u201d.<\/p>\n\n\n\n<p><br>Finalmente, comparti\u00f3 algunas caracter\u00edsticas previas en el clima, para que se registre alg\u00fan fen\u00f3meno de este tipo \u201cpero eso es lo que se piensa, que despu\u00e9s de un tornado, siempre va a haber tormenta de granizo, en cuanto a una tormenta se diera \u201d.<\/p>\n\n\n<figure class=\"wp-block-post-featured-image\"><img loading=\"lazy\" decoding=\"async\" width=\"1600\" height=\"900\" src=\"https:\/\/estado29.mx\/wp-content\/uploads\/2023\/06\/IMG-20230608-WA0000-1.jpg\" class=\"attachment-post-thumbnail size-post-thumbnail wp-post-image\" alt=\"\" style=\"object-fit:cover;\" srcset=\"https:\/\/estado29.mx\/wp-content\/uploads\/2023\/06\/IMG-20230608-WA0000-1.jpg 1600w, https:\/\/estado29.mx\/wp-content\/uploads\/2023\/06\/IMG-20230608-WA0000-1-300x169.jpg 300w, https:\/\/estado29.mx\/wp-content\/uploads\/2023\/06\/IMG-20230608-WA0000-1-1024x576.jpg 1024w, https:\/\/estado29.mx\/wp-content\/uploads\/2023\/06\/IMG-20230608-WA0000-1-768x432.jpg 768w, https:\/\/estado29.mx\/wp-content\/uploads\/2023\/06\/IMG-20230608-WA0000-1-1536x864.jpg 1536w, https:\/\/estado29.mx\/wp-content\/uploads\/2023\/06\/IMG-20230608-WA0000-1-750x422.jpg 750w, https:\/\/estado29.mx\/wp-content\/uploads\/2023\/06\/IMG-20230608-WA0000-1-1140x641.jpg 1140w\" sizes=\"auto, (max-width: 1600px) 100vw, 1600px\" \/><\/figure>","protected":false},"excerpt":{"rendered":"<p>Gerardo Espinoza Jim\u00e9nez, Secretario General de la Brigada de Auxilios y Salvamento (BRIASA), delegaci\u00f3n Huamantla, enfatiz\u00f3 que se seguir\u00e1 capacitando a las Coordinaciones de Protecci\u00f3n Civil Municipal, en la prevenci\u00f3n de tornados y tormentas. Espinoza Jim\u00e9nez, resalt\u00f3 que se brindar\u00e1n cuatro capacitaciones m\u00e1s, mismas que ser\u00e1n de forma virtual y concluir\u00e1n el 30 de julio [&hellip;]<\/p>\n","protected":false},"author":7,"featured_media":86659,"comment_status":"open","ping_status":"open","sticky":false,"template":"","format":"standard","meta":{"om_disable_all_campaigns":false,"_monsterinsights_skip_tracking":false,"_monsterinsights_sitenote_active":false,"_monsterinsights_sitenote_note":"","_monsterinsights_sitenote_category":0,"jnews-multi-image_gallery":[],"jnews_single_post":{"subtitle":"","format":"standard","video":"","gallery":"","source_name":"","source_url":"","via_name":"","via_url":"","override_template":"0","override":[{"template":"1","single_blog_custom":"","parallax":"1","fullscreen":"1","layout":"right-sidebar","sidebar":"default-sidebar","second_sidebar":"default-sidebar","sticky_sidebar":"1","share_position":"top","share_float_style":"share-monocrhome","show_share_counter":"1","show_view_counter":"1","show_featured":"1","show_post_meta":"1","show_post_author":"1","show_post_author_image":"1","show_post_date":"1","post_date_format":"default","post_date_format_custom":"Y\/m\/d","show_post_category":"1","show_post_reading_time":"0","post_reading_time_wpm":"300","show_zoom_button":"0","zoom_button_out_step":"2","zoom_button_in_step":"3","show_post_tag":"1","show_prev_next_post":"1","show_popup_post":"1","number_popup_post":"1","show_author_box":"1","show_post_related":"0","show_inline_post_related":"0"}],"override_image_size":"0","image_override":[{"single_post_thumbnail_size":"crop-500","single_post_gallery_size":"crop-500"}],"trending_post":"0","trending_post_position":"meta","trending_post_label":"Trending","sponsored_post":"0","sponsored_post_label":"Sponsored by","sponsored_post_name":"","sponsored_post_url":"","sponsored_post_logo_enable":"0","sponsored_post_logo":"","sponsored_post_desc":"","disable_ad":"0"},"jnews_primary_category":{"id":""},"footnotes":""},"categories":[1],"tags":[],"class_list":["post-86658","post","type-post","status-publish","format-standard","has-post-thumbnail","hentry","category-uncategorized"],"aioseo_notices":[],"_links":{"self":[{"href":"https:\/\/estado29.mx\/index.php?rest_route=\/wp\/v2\/posts\/86658","targetHints":{"allow":["GET"]}}],"collection":[{"href":"https:\/\/estado29.mx\/index.php?rest_route=\/wp\/v2\/posts"}],"about":[{"href":"https:\/\/estado29.mx\/index.php?rest_route=\/wp\/v2\/types\/post"}],"author":[{"embeddable":true,"href":"https:\/\/estado29.mx\/index.php?rest_route=\/wp\/v2\/users\/7"}],"replies":[{"embeddable":true,"href":"https:\/\/estado29.mx\/index.php?rest_route=%2Fwp%2Fv2%2Fcomments&post=86658"}],"version-history":[{"count":1,"href":"https:\/\/estado29.mx\/index.php?rest_route=\/wp\/v2\/posts\/86658\/revisions"}],"predecessor-version":[{"id":86660,"href":"https:\/\/estado29.mx\/index.php?rest_route=\/wp\/v2\/posts\/86658\/revisions\/86660"}],"wp:featuredmedia":[{"embeddable":true,"href":"https:\/\/estado29.mx\/index.php?rest_route=\/wp\/v2\/media\/86659"}],"wp:attachment":[{"href":"https:\/\/estado29.mx\/index.php?rest_route=%2Fwp%2Fv2%2Fmedia&parent=86658"}],"wp:term":[{"taxonomy":"category","embeddable":true,"href":"https:\/\/estado29.mx\/index.php?rest_route=%2Fwp%2Fv2%2Fcategories&post=86658"},{"taxonomy":"post_tag","embeddable":true,"href":"https:\/\/estado29.mx\/index.php?rest_route=%2Fwp%2Fv2%2Ftags&post=86658"}],"curies":[{"name":"wp","href":"https:\/\/api.w.org\/{rel}","templated":true}]}}