{"id":86757,"date":"2023-06-14T16:18:01","date_gmt":"2023-06-14T16:18:01","guid":{"rendered":"https:\/\/estado29.mx\/?p=86757"},"modified":"2023-06-14T16:18:02","modified_gmt":"2023-06-14T16:18:02","slug":"con-argumentos-irrisorios-aplazan-nuevamente-audiencia-para-sentenciar-a-femenicida-confeso-semey-n-apesar-de-las-pruebas-contundentes-retrasan-la-justicia-en-este-caso","status":"publish","type":"post","link":"https:\/\/estado29.mx\/?p=86757","title":{"rendered":"Con argumentos irrisorios aplazan nuevamente audiencia para sentenciar a femenicida confeso Semey N., apesar de las pruebas contundentes retrasan la Justicia en este caso"},"content":{"rendered":"\n<p><\/p>\n\n\n\n<p>ManuelRojas.- Con argumentos irrisorios para ganar tiempo y aplazar lo inevitable, es que por en\u00e9sima ocasi\u00f3n se aplaz\u00f3 la audiencia para sentenciar al femenicida confeso identificado como Semey N., as\u00ed lo inform\u00f3 el se\u00f1or Efr\u00e9n L\u00f3pez, este martes 13 de junio, afuera de la casa de justicia &#8212;<\/p>\n\n\n\n<p>Frente a este lugar se dieron cita familiares y amigos de Cecilia, as\u00ed como colectivos que pugnan porque haya Justicia en este caso que conmocion\u00f3 a la sociedad hace m\u00e1s de dos a\u00f1os, cuando el presunto responsable Semey N., confeso haber asesinado a quien fuera originaria del Municipio de Cuapiaxtla, Tlaxcala.<\/p>\n\n\n\n<p>Efr\u00e9n L\u00f3pez expuso que se espera que haya&nbsp; una sentencia que deje un precedente no s\u00f3lo por el femenicidio de Cecilia, sino por la falta de Justicia en Tlaxcala.<\/p>\n\n\n\n<p>Agreg\u00f3 que ahora el argumento del presunto responsable, es que desea declarar, cuando ha tenido m\u00e1s de dos a\u00f1os para hacerlo, y advierte que si no se le da la oportunidad se le est\u00e1n vulnerando sus derechos, por lo que est\u00e1 presionando advirtiendo que puede solicitar que se anule el procedimiento.<\/p>\n\n\n\n<p>Sobre este caso enfatiz\u00f3 el pap\u00e1 de Cecilia, se han documentado m\u00e1s de 15 pruebas firmes y contundentes, y con todo y esto el asesino confeso sigue pensando si va a declarar.<\/p>\n\n\n\n<p>Que sean las audiencias necesarias, pero que quede firme la sentencia, advirti\u00f3 Efr\u00e9n L\u00f3pez, por lo que ser\u00e1 hasta este jueves 15 de junio cuando de nueva cuenta se lleve a cabo la audiencia para definir la situaci\u00f3n legal de Semey N.<\/p>\n","protected":false},"excerpt":{"rendered":"<p>ManuelRojas.- Con argumentos irrisorios para ganar tiempo y aplazar lo inevitable, es que por en\u00e9sima ocasi\u00f3n se aplaz\u00f3 la audiencia para sentenciar al femenicida confeso identificado como Semey N., as\u00ed lo inform\u00f3 el se\u00f1or Efr\u00e9n L\u00f3pez, este martes 13 de junio, afuera de la casa de justicia &#8212; Frente a este lugar se dieron cita [&hellip;]<\/p>\n","protected":false},"author":4,"featured_media":86758,"comment_status":"open","ping_status":"open","sticky":false,"template":"","format":"standard","meta":{"om_disable_all_campaigns":false,"_monsterinsights_skip_tracking":false,"_monsterinsights_sitenote_active":false,"_monsterinsights_sitenote_note":"","_monsterinsights_sitenote_category":0,"jnews-multi-image_gallery":[],"jnews_single_post":{"subtitle":"","format":"standard","video":"","gallery":"","source_name":"","source_url":"","via_name":"","via_url":"","override_template":"0","override":[{"template":"1","single_blog_custom":"","parallax":"1","fullscreen":"1","layout":"right-sidebar","sidebar":"default-sidebar","second_sidebar":"default-sidebar","sticky_sidebar":"1","share_position":"top","share_float_style":"share-monocrhome","show_share_counter":"1","show_view_counter":"1","show_featured":"1","show_post_meta":"1","show_post_author":"1","show_post_author_image":"1","show_post_date":"1","post_date_format":"default","post_date_format_custom":"Y\/m\/d","show_post_category":"1","show_post_reading_time":"0","post_reading_time_wpm":"300","show_zoom_button":"0","zoom_button_out_step":"2","zoom_button_in_step":"3","show_post_tag":"1","show_prev_next_post":"1","show_popup_post":"1","number_popup_post":"1","show_author_box":"1","show_post_related":"0","show_inline_post_related":"0"}],"override_image_size":"0","image_override":[{"single_post_thumbnail_size":"crop-500","single_post_gallery_size":"crop-500"}],"trending_post":"0","trending_post_position":"meta","trending_post_label":"Trending","sponsored_post":"0","sponsored_post_label":"Sponsored by","sponsored_post_name":"","sponsored_post_url":"","sponsored_post_logo_enable":"0","sponsored_post_logo":"","sponsored_post_desc":"","disable_ad":"0"},"jnews_primary_category":{"id":""},"footnotes":""},"categories":[43,52,66,47],"tags":[657,110,119,96],"class_list":["post-86757","post","type-post","status-publish","format-standard","has-post-thumbnail","hentry","category-estado","category-gobierno-de-tlaxcala","category-huamantla","category-municipios","tag-feminicidio","tag-municipios","tag-seguridad","tag-tlaxcala"],"aioseo_notices":[],"_links":{"self":[{"href":"https:\/\/estado29.mx\/index.php?rest_route=\/wp\/v2\/posts\/86757","targetHints":{"allow":["GET"]}}],"collection":[{"href":"https:\/\/estado29.mx\/index.php?rest_route=\/wp\/v2\/posts"}],"about":[{"href":"https:\/\/estado29.mx\/index.php?rest_route=\/wp\/v2\/types\/post"}],"author":[{"embeddable":true,"href":"https:\/\/estado29.mx\/index.php?rest_route=\/wp\/v2\/users\/4"}],"replies":[{"embeddable":true,"href":"https:\/\/estado29.mx\/index.php?rest_route=%2Fwp%2Fv2%2Fcomments&post=86757"}],"version-history":[{"count":1,"href":"https:\/\/estado29.mx\/index.php?rest_route=\/wp\/v2\/posts\/86757\/revisions"}],"predecessor-version":[{"id":86759,"href":"https:\/\/estado29.mx\/index.php?rest_route=\/wp\/v2\/posts\/86757\/revisions\/86759"}],"wp:featuredmedia":[{"embeddable":true,"href":"https:\/\/estado29.mx\/index.php?rest_route=\/wp\/v2\/media\/86758"}],"wp:attachment":[{"href":"https:\/\/estado29.mx\/index.php?rest_route=%2Fwp%2Fv2%2Fmedia&parent=86757"}],"wp:term":[{"taxonomy":"category","embeddable":true,"href":"https:\/\/estado29.mx\/index.php?rest_route=%2Fwp%2Fv2%2Fcategories&post=86757"},{"taxonomy":"post_tag","embeddable":true,"href":"https:\/\/estado29.mx\/index.php?rest_route=%2Fwp%2Fv2%2Ftags&post=86757"}],"curies":[{"name":"wp","href":"https:\/\/api.w.org\/{rel}","templated":true}]}}