{"id":86763,"date":"2023-06-14T16:38:51","date_gmt":"2023-06-14T16:38:51","guid":{"rendered":"https:\/\/estado29.mx\/?p=86763"},"modified":"2023-06-14T16:38:52","modified_gmt":"2023-06-14T16:38:52","slug":"se-debe-apostar-al-desarrollo-humano-policial-para-un-modelo-de-seguridad-eficaz-ssc","status":"publish","type":"post","link":"https:\/\/estado29.mx\/?p=86763","title":{"rendered":"<strong>Se debe apostar al desarrollo humano policial para un modelo de seguridad eficaz: SSC<\/strong><strong><\/strong>"},"content":{"rendered":"\n<p>\u2022 La SSC particip\u00f3 en el Foro &#8220;Cuidar a quienes nos cuidan: La construcci\u00f3n de un Modelo B\u00e1sico de Seguridad Social para Polic\u00edas\u201d que se llev\u00f3 a cabo en el Senado de la Rep\u00fablica.<\/p>\n\n\n\n<p>El secretario de Seguridad Ciudadana, Ram\u00f3n Celaya Gamboa, &nbsp;enfatiz\u00f3 la importancia respecto a que autoridades de los tres niveles de gobierno apuesten al desarrollo humano y la dignificaci\u00f3n &nbsp;de sus cuerpos policiacos para contar con un modelo de seguridad m\u00e1s eficaz e integral en beneficio de la poblaci\u00f3n en materia de seguridad.<\/p>\n\n\n\n<p>As\u00ed lo dio a conocer durante su participaci\u00f3n este martes, en el Foro &#8220;Cuidar a quienes nos cuidan: La construcci\u00f3n de un Modelo B\u00e1sico de Seguridad Social para Polic\u00edas\u201d encabezado por la Senadora presidenta de la Comisi\u00f3n de Justicia, Olga Luc\u00eda S\u00e1nchez Cordero.<\/p>\n\n\n\n<p>Al tomar la tribuna, el secretario manifest\u00f3 que la Polic\u00eda debe de estar orientada a atender y dar soluci\u00f3n a la problem\u00e1tica en seguridad de los ciudadanos, al tiempo de proteger el procurar el estado de derecho; por eso es importante hablar de un modelo b\u00e1sico de seguridad social que cuente con remuneraciones dignas, prestaciones y programas para generar tranquilidad, estabilidad y crecimiento personal tanto para el polic\u00eda como a su familia.<\/p>\n\n\n\n<p>\u201cSi no partimos de la fase fundamental como es que el polic\u00eda salga a la calle sabiendo que su familia, que sus hijos, tienen garantizado la escuela, la comida, las condiciones b\u00e1sicas; con eso van a desarrollar su trabajo con m\u00e1s entusiasmo, mayor compromiso y lealtad hacia los ciudadanos, escenario que debemos plantear de manera urgente\u201d, expres\u00f3.<\/p>\n\n\n\n<p>Celaya Gamboa record\u00f3 que desde lo local se ha trabajado de la mano con la Gobernadora del Estado, Lorena Cu\u00e9llar Cisneros, para fortalecer y homologar el salario de los elementos, dotar de servicio m\u00e9dico a polic\u00edas y sus familias con descuentos en estudios m\u00e9dicos especializados; as\u00ed como la dotaci\u00f3n de medicinas de patente.<\/p>\n\n\n\n<p>De igual manera, un seguro de separaci\u00f3n individualizado que les permita crear un fondo de ahorro, becas que van del 20% al 40% con diferentes universidades e instituciones, un apoyo en vivienda b\u00e1sica y seguro de vida.<\/p>\n\n\n\n<p>En este foro tambi\u00e9n participaron &nbsp;Rafael Espino De la Pe\u00f1a, Senador y presidente de la Comisi\u00f3n de Estudios Legislativos Segunda; Javier Herrera Valles, Secretario Ejecutivo del Sistema Estatal de Seguridad P\u00fablica de Campeche; Marcela Figueroa Franco, Subsecretaria de Desarrollo Institucional de la Secretar\u00eda de Seguridad Ciudadana de la Ciudad de M\u00e9xico; as\u00ed como Carmen Julia Prudencio Gonz\u00e1lez, ex Diputada Federal; y Juan Antonio Mart\u00edn del Campo, Senador proponente de la iniciativa sobre seguridad social a polic\u00edas en la LXIV Legislatura.<\/p>\n\n\n\n<p>&nbsp;Los participantes coincidieron que lo expuesto en este foro, dar\u00e1 un sentido de pertenencia en el actuar de todo elemento policiaco, generando estabilidad y certidumbre en la poblaci\u00f3n.<\/p>\n\n\n\n<p>Finalmente, S\u00e1nchez Cordero indic\u00f3 que las aportaciones vertidas permitir\u00e1n avanzar en temas legislativos para cimentar iniciativas en favor de las y los polic\u00edas del pa\u00eds.<\/p>\n","protected":false},"excerpt":{"rendered":"<p>\u2022 La SSC particip\u00f3 en el Foro &#8220;Cuidar a quienes nos cuidan: La construcci\u00f3n de un Modelo B\u00e1sico de Seguridad Social para Polic\u00edas\u201d que se llev\u00f3 a cabo en el Senado de la Rep\u00fablica. El secretario de Seguridad Ciudadana, Ram\u00f3n Celaya Gamboa, &nbsp;enfatiz\u00f3 la importancia respecto a que autoridades de los tres niveles de gobierno [&hellip;]<\/p>\n","protected":false},"author":4,"featured_media":86764,"comment_status":"open","ping_status":"open","sticky":false,"template":"","format":"standard","meta":{"om_disable_all_campaigns":false,"_monsterinsights_skip_tracking":false,"_monsterinsights_sitenote_active":false,"_monsterinsights_sitenote_note":"","_monsterinsights_sitenote_category":0,"jnews-multi-image_gallery":[],"jnews_single_post":{"subtitle":"","format":"standard","video":"","gallery":"","source_name":"","source_url":"","via_name":"","via_url":"","override_template":"0","override":[{"template":"1","single_blog_custom":"","parallax":"1","fullscreen":"1","layout":"right-sidebar","sidebar":"default-sidebar","second_sidebar":"default-sidebar","sticky_sidebar":"1","share_position":"top","share_float_style":"share-monocrhome","show_share_counter":"1","show_view_counter":"1","show_featured":"1","show_post_meta":"1","show_post_author":"1","show_post_author_image":"1","show_post_date":"1","post_date_format":"default","post_date_format_custom":"Y\/m\/d","show_post_category":"1","show_post_reading_time":"0","post_reading_time_wpm":"300","show_zoom_button":"0","zoom_button_out_step":"2","zoom_button_in_step":"3","show_post_tag":"1","show_prev_next_post":"1","show_popup_post":"1","number_popup_post":"1","show_author_box":"1","show_post_related":"0","show_inline_post_related":"0"}],"override_image_size":"0","image_override":[{"single_post_thumbnail_size":"crop-500","single_post_gallery_size":"crop-500"}],"trending_post":"0","trending_post_position":"meta","trending_post_label":"Trending","sponsored_post":"0","sponsored_post_label":"Sponsored by","sponsored_post_name":"","sponsored_post_url":"","sponsored_post_logo_enable":"0","sponsored_post_logo":"","sponsored_post_desc":"","disable_ad":"0"},"jnews_primary_category":{"id":""},"footnotes":""},"categories":[43,52],"tags":[150,110,119,118,96],"class_list":["post-86763","post","type-post","status-publish","format-standard","has-post-thumbnail","hentry","category-estado","category-gobierno-de-tlaxcala","tag-gobierno-del-estado","tag-municipios","tag-seguridad","tag-ssc","tag-tlaxcala"],"aioseo_notices":[],"_links":{"self":[{"href":"https:\/\/estado29.mx\/index.php?rest_route=\/wp\/v2\/posts\/86763","targetHints":{"allow":["GET"]}}],"collection":[{"href":"https:\/\/estado29.mx\/index.php?rest_route=\/wp\/v2\/posts"}],"about":[{"href":"https:\/\/estado29.mx\/index.php?rest_route=\/wp\/v2\/types\/post"}],"author":[{"embeddable":true,"href":"https:\/\/estado29.mx\/index.php?rest_route=\/wp\/v2\/users\/4"}],"replies":[{"embeddable":true,"href":"https:\/\/estado29.mx\/index.php?rest_route=%2Fwp%2Fv2%2Fcomments&post=86763"}],"version-history":[{"count":1,"href":"https:\/\/estado29.mx\/index.php?rest_route=\/wp\/v2\/posts\/86763\/revisions"}],"predecessor-version":[{"id":86765,"href":"https:\/\/estado29.mx\/index.php?rest_route=\/wp\/v2\/posts\/86763\/revisions\/86765"}],"wp:featuredmedia":[{"embeddable":true,"href":"https:\/\/estado29.mx\/index.php?rest_route=\/wp\/v2\/media\/86764"}],"wp:attachment":[{"href":"https:\/\/estado29.mx\/index.php?rest_route=%2Fwp%2Fv2%2Fmedia&parent=86763"}],"wp:term":[{"taxonomy":"category","embeddable":true,"href":"https:\/\/estado29.mx\/index.php?rest_route=%2Fwp%2Fv2%2Fcategories&post=86763"},{"taxonomy":"post_tag","embeddable":true,"href":"https:\/\/estado29.mx\/index.php?rest_route=%2Fwp%2Fv2%2Ftags&post=86763"}],"curies":[{"name":"wp","href":"https:\/\/api.w.org\/{rel}","templated":true}]}}