{"id":86964,"date":"2023-06-26T02:39:32","date_gmt":"2023-06-26T02:39:32","guid":{"rendered":"https:\/\/estado29.mx\/?p=86964"},"modified":"2023-06-26T02:39:33","modified_gmt":"2023-06-26T02:39:33","slug":"trabajador-del-ayuntamiento-de-ixtacuixtla-aparentemente-alcoholizado-colisiona-en-la-autopista-tlaxcala-texmelucan","status":"publish","type":"post","link":"https:\/\/estado29.mx\/?p=86964","title":{"rendered":"Trabajador del Ayuntamiento de Ixtacuixtla, aparentemente alcoholizado, colisiona en la autopista Tlaxcala-Texmelucan"},"content":{"rendered":"\n<p>Ignacio N., de 49 a\u00f1os y presunto empleado del Ayuntamiento de Ixtacuixtla, colision\u00f3 su veh\u00edculo contra una camioneta, la noche de ayer en la autopista Tlaxcala-Texmelucan, a la altura del km 19, en correspondencia a la comunidad de Techachalco, municipio de Panotla.<\/p>\n\n\n\n<p>El masculino viajaba en un autom\u00f3vil Seat, aparentemente bajo los influjos del alcohol por lo que, al conducir no logr\u00f3 frenar y se impact\u00f3 contra una camioneta Chevrolet que ten\u00eda intermitentes, la cual transitaba lentamente en esa zona debido a que minutos antes, hab\u00eda ocurrido un percance en el que una camioneta se encontraba en la cuneta.<\/p>\n\n\n\n<p>Tras el choque, los cuerpos de emergencia fueron alertados y asistieron al hombre, el cual present\u00f3 una crisis hipertensiva y lesiones menores.<\/p>\n\n\n\n<p>Por el hecho vial, algunos familiares del posible trabajador se comportaron agresivos con la prensa y se negaban a reparar los da\u00f1os.<\/p>\n\n\n\n<p>Finalmente, fue trasladado a bordo de una ambulancia de la Cruz Roja hacia una cl\u00ednica particular en la comunidad de San Diego Xocoyucan, Ixtacuixtla.<\/p>\n\n\n\n<p>Al sitio acudieron elementos de la Secretar\u00eda de la Defensa Nacional, quienes abanderaron el lugar y, posteriormente, la Guardia Nacional tom\u00f3 conocimiento.<\/p>\n","protected":false},"excerpt":{"rendered":"<p>Ignacio N., de 49 a\u00f1os y presunto empleado del Ayuntamiento de Ixtacuixtla, colision\u00f3 su veh\u00edculo contra una camioneta, la noche de ayer en la autopista Tlaxcala-Texmelucan, a la altura del km 19, en correspondencia a la comunidad de Techachalco, municipio de Panotla. El masculino viajaba en un autom\u00f3vil Seat, aparentemente bajo los influjos del alcohol [&hellip;]<\/p>\n","protected":false},"author":5,"featured_media":86965,"comment_status":"open","ping_status":"open","sticky":false,"template":"","format":"standard","meta":{"om_disable_all_campaigns":false,"_monsterinsights_skip_tracking":false,"_monsterinsights_sitenote_active":false,"_monsterinsights_sitenote_note":"","_monsterinsights_sitenote_category":0,"jnews-multi-image_gallery":[],"jnews_single_post":{"subtitle":"","format":"standard","video":"","gallery":"","source_name":"","source_url":"","via_name":"","via_url":"","override_template":"0","override":[{"template":"1","single_blog_custom":"","parallax":"1","fullscreen":"1","layout":"right-sidebar","sidebar":"default-sidebar","second_sidebar":"default-sidebar","sticky_sidebar":"1","share_position":"top","share_float_style":"share-monocrhome","show_share_counter":"1","show_view_counter":"1","show_featured":"1","show_post_meta":"1","show_post_author":"1","show_post_author_image":"1","show_post_date":"1","post_date_format":"default","post_date_format_custom":"Y\/m\/d","show_post_category":"1","show_post_reading_time":"0","post_reading_time_wpm":"300","show_zoom_button":"0","zoom_button_out_step":"2","zoom_button_in_step":"3","show_post_tag":"1","show_prev_next_post":"1","show_popup_post":"1","number_popup_post":"1","show_author_box":"1","show_post_related":"0","show_inline_post_related":"0"}],"override_image_size":"0","image_override":[{"single_post_thumbnail_size":"crop-500","single_post_gallery_size":"crop-500"}],"trending_post":"0","trending_post_position":"meta","trending_post_label":"Trending","sponsored_post":"0","sponsored_post_label":"Sponsored by","sponsored_post_name":"","sponsored_post_url":"","sponsored_post_logo_enable":"0","sponsored_post_logo":"","sponsored_post_desc":"","disable_ad":"0"},"jnews_primary_category":{"id":""},"footnotes":""},"categories":[43],"tags":[1204,195,189,1243],"class_list":["post-86964","post","type-post","status-publish","format-standard","has-post-thumbnail","hentry","category-estado","tag-alcohol","tag-choque","tag-ixtacuixtla","tag-trabajador"],"aioseo_notices":[],"_links":{"self":[{"href":"https:\/\/estado29.mx\/index.php?rest_route=\/wp\/v2\/posts\/86964","targetHints":{"allow":["GET"]}}],"collection":[{"href":"https:\/\/estado29.mx\/index.php?rest_route=\/wp\/v2\/posts"}],"about":[{"href":"https:\/\/estado29.mx\/index.php?rest_route=\/wp\/v2\/types\/post"}],"author":[{"embeddable":true,"href":"https:\/\/estado29.mx\/index.php?rest_route=\/wp\/v2\/users\/5"}],"replies":[{"embeddable":true,"href":"https:\/\/estado29.mx\/index.php?rest_route=%2Fwp%2Fv2%2Fcomments&post=86964"}],"version-history":[{"count":1,"href":"https:\/\/estado29.mx\/index.php?rest_route=\/wp\/v2\/posts\/86964\/revisions"}],"predecessor-version":[{"id":86966,"href":"https:\/\/estado29.mx\/index.php?rest_route=\/wp\/v2\/posts\/86964\/revisions\/86966"}],"wp:featuredmedia":[{"embeddable":true,"href":"https:\/\/estado29.mx\/index.php?rest_route=\/wp\/v2\/media\/86965"}],"wp:attachment":[{"href":"https:\/\/estado29.mx\/index.php?rest_route=%2Fwp%2Fv2%2Fmedia&parent=86964"}],"wp:term":[{"taxonomy":"category","embeddable":true,"href":"https:\/\/estado29.mx\/index.php?rest_route=%2Fwp%2Fv2%2Fcategories&post=86964"},{"taxonomy":"post_tag","embeddable":true,"href":"https:\/\/estado29.mx\/index.php?rest_route=%2Fwp%2Fv2%2Ftags&post=86964"}],"curies":[{"name":"wp","href":"https:\/\/api.w.org\/{rel}","templated":true}]}}