{"id":87028,"date":"2023-06-28T19:12:10","date_gmt":"2023-06-28T19:12:10","guid":{"rendered":"https:\/\/estado29.mx\/?p=87028"},"modified":"2023-06-28T19:12:11","modified_gmt":"2023-06-28T19:12:11","slug":"saldo-blanco-en-desarrollo-de-la-feria-ixtenco-2023","status":"publish","type":"post","link":"https:\/\/estado29.mx\/?p=87028","title":{"rendered":"Saldo blanco en desarrollo de la Feria Ixtenco 2023."},"content":{"rendered":"\n<p>El Presidente Municipal de Ixtenco, Renato S\u00e1nchez Rojas, refiri\u00f3 que los diversos eventos que se han tenido en el lugar, como parte de la Feria Ixtenco 2023, se han llevado a cabo sin hechos qu\u00e9 lamentar.<\/p>\n\n\n\n<p><br>El edil dijo que la seguridad ha estado garantizada para que todos los eventos masivos, se realicen de forma ordenada \u201cbueno, hay puros datos positivos, la verdad es que no ha ido muy bien, la seguridad ha estado garantizada, no obstante que ha habido eventos multitudinarios, de mucha gente\u201d.<\/p>\n\n\n\n<p><br>El alcalde mencion\u00f3, que hasta ahora no se ha registrado robo alguno, ni situaciones que representen riesgo para los pobladores y visitantes al municipio \u201chasta ahorita no tenemos ning\u00fan robo de ning\u00fan veh\u00edculo, ni cuestiones de riesgo para la poblaci\u00f3n\u201d.<\/p>\n\n\n\n<p><br>Finalmente, agreg\u00f3 que la feria ya se encuentra en la recta final \u201cestamos a punto de terminar, ya casi estamos por concluir, el viernes o el s\u00e1bado concluimos, entonces, todo muy bien hasta ahora\u201d.<\/p>\n\n\n<figure class=\"wp-block-post-featured-image\"><img loading=\"lazy\" decoding=\"async\" width=\"2560\" height=\"1920\" src=\"https:\/\/estado29.mx\/wp-content\/uploads\/2023\/05\/IMG_20230517_113335-min-scaled.jpg\" class=\"attachment-post-thumbnail size-post-thumbnail wp-post-image\" alt=\"\" style=\"object-fit:cover;\" srcset=\"https:\/\/estado29.mx\/wp-content\/uploads\/2023\/05\/IMG_20230517_113335-min-scaled.jpg 2560w, https:\/\/estado29.mx\/wp-content\/uploads\/2023\/05\/IMG_20230517_113335-min-300x225.jpg 300w, https:\/\/estado29.mx\/wp-content\/uploads\/2023\/05\/IMG_20230517_113335-min-1024x768.jpg 1024w, https:\/\/estado29.mx\/wp-content\/uploads\/2023\/05\/IMG_20230517_113335-min-768x576.jpg 768w, https:\/\/estado29.mx\/wp-content\/uploads\/2023\/05\/IMG_20230517_113335-min-1536x1152.jpg 1536w, https:\/\/estado29.mx\/wp-content\/uploads\/2023\/05\/IMG_20230517_113335-min-2048x1536.jpg 2048w, https:\/\/estado29.mx\/wp-content\/uploads\/2023\/05\/IMG_20230517_113335-min-750x563.jpg 750w, https:\/\/estado29.mx\/wp-content\/uploads\/2023\/05\/IMG_20230517_113335-min-1140x855.jpg 1140w\" sizes=\"auto, (max-width: 2560px) 100vw, 2560px\" \/><\/figure>","protected":false},"excerpt":{"rendered":"<p>El Presidente Municipal de Ixtenco, Renato S\u00e1nchez Rojas, refiri\u00f3 que los diversos eventos que se han tenido en el lugar, como parte de la Feria Ixtenco 2023, se han llevado a cabo sin hechos qu\u00e9 lamentar. El edil dijo que la seguridad ha estado garantizada para que todos los eventos masivos, se realicen de forma [&hellip;]<\/p>\n","protected":false},"author":7,"featured_media":86230,"comment_status":"open","ping_status":"open","sticky":false,"template":"","format":"standard","meta":{"om_disable_all_campaigns":false,"_monsterinsights_skip_tracking":false,"_monsterinsights_sitenote_active":false,"_monsterinsights_sitenote_note":"","_monsterinsights_sitenote_category":0,"jnews-multi-image_gallery":[],"jnews_single_post":{"subtitle":"","format":"standard","video":"","gallery":"","source_name":"","source_url":"","via_name":"","via_url":"","override_template":"0","override":[{"template":"1","single_blog_custom":"","parallax":"1","fullscreen":"1","layout":"right-sidebar","sidebar":"default-sidebar","second_sidebar":"default-sidebar","sticky_sidebar":"1","share_position":"top","share_float_style":"share-monocrhome","show_share_counter":"1","show_view_counter":"1","show_featured":"1","show_post_meta":"1","show_post_author":"1","show_post_author_image":"1","show_post_date":"1","post_date_format":"default","post_date_format_custom":"Y\/m\/d","show_post_category":"1","show_post_reading_time":"0","post_reading_time_wpm":"300","show_zoom_button":"0","zoom_button_out_step":"2","zoom_button_in_step":"3","show_post_tag":"1","show_prev_next_post":"1","show_popup_post":"1","number_popup_post":"1","show_author_box":"1","show_post_related":"0","show_inline_post_related":"0"}],"override_image_size":"0","image_override":[{"single_post_thumbnail_size":"crop-500","single_post_gallery_size":"crop-500"}],"trending_post":"0","trending_post_position":"meta","trending_post_label":"Trending","sponsored_post":"0","sponsored_post_label":"Sponsored by","sponsored_post_name":"","sponsored_post_url":"","sponsored_post_logo_enable":"0","sponsored_post_logo":"","sponsored_post_desc":"","disable_ad":"0"},"jnews_primary_category":{"id":""},"footnotes":""},"categories":[1],"tags":[],"class_list":["post-87028","post","type-post","status-publish","format-standard","has-post-thumbnail","hentry","category-uncategorized"],"aioseo_notices":[],"_links":{"self":[{"href":"https:\/\/estado29.mx\/index.php?rest_route=\/wp\/v2\/posts\/87028","targetHints":{"allow":["GET"]}}],"collection":[{"href":"https:\/\/estado29.mx\/index.php?rest_route=\/wp\/v2\/posts"}],"about":[{"href":"https:\/\/estado29.mx\/index.php?rest_route=\/wp\/v2\/types\/post"}],"author":[{"embeddable":true,"href":"https:\/\/estado29.mx\/index.php?rest_route=\/wp\/v2\/users\/7"}],"replies":[{"embeddable":true,"href":"https:\/\/estado29.mx\/index.php?rest_route=%2Fwp%2Fv2%2Fcomments&post=87028"}],"version-history":[{"count":1,"href":"https:\/\/estado29.mx\/index.php?rest_route=\/wp\/v2\/posts\/87028\/revisions"}],"predecessor-version":[{"id":87029,"href":"https:\/\/estado29.mx\/index.php?rest_route=\/wp\/v2\/posts\/87028\/revisions\/87029"}],"wp:featuredmedia":[{"embeddable":true,"href":"https:\/\/estado29.mx\/index.php?rest_route=\/wp\/v2\/media\/86230"}],"wp:attachment":[{"href":"https:\/\/estado29.mx\/index.php?rest_route=%2Fwp%2Fv2%2Fmedia&parent=87028"}],"wp:term":[{"taxonomy":"category","embeddable":true,"href":"https:\/\/estado29.mx\/index.php?rest_route=%2Fwp%2Fv2%2Fcategories&post=87028"},{"taxonomy":"post_tag","embeddable":true,"href":"https:\/\/estado29.mx\/index.php?rest_route=%2Fwp%2Fv2%2Ftags&post=87028"}],"curies":[{"name":"wp","href":"https:\/\/api.w.org\/{rel}","templated":true}]}}