{"id":87034,"date":"2023-06-28T22:26:16","date_gmt":"2023-06-28T22:26:16","guid":{"rendered":"https:\/\/estado29.mx\/?p=87034"},"modified":"2023-06-28T22:26:17","modified_gmt":"2023-06-28T22:26:17","slug":"nuevo-pozo-de-agua-potable-en-tequexquitla-beneficiara-a-dos-comunidades","status":"publish","type":"post","link":"https:\/\/estado29.mx\/?p=87034","title":{"rendered":"Nuevo pozo de agua potable en Tequexquitla beneficiar\u00e1 a dos comunidades."},"content":{"rendered":"\n<p>Este martes 27 de junio del a\u00f1o en curso, se puso en marcha el nuevo pozo en el Municipio de El Carmen Tequexquitla.<\/p>\n\n\n\n<p><br>Este pozo, beneficiar\u00e1 principalmente a los habitantes de las Colonias Mazatepec Norte y Sur, quienes desde hace aproximadamente cinco a\u00f1os, sufr\u00edan de desabasto del vital l\u00edquido.<\/p>\n\n\n\n<p><br>En este sentido, la alcaldesa Mar\u00eda Araceli Mart\u00ednez Cortez en su mensaje, resalt\u00f3 que el pozo estar\u00e1 funcionando provisionalmente con planta de luz \u201ca todos los vecinos de Tequexquitla, decirles que el d\u00eda de hoy nuevamente, estuve en la Comisi\u00f3n Federal de Electricidad, en la ciudad de Libres, Puebla, refieren que la situaci\u00f3n de los altos y bajos voltajes, no tiene para cu\u00e1ndo, puede que tarde varios d\u00edas, puede que tarde, no nos dan una soluci\u00f3n, no nos dan una fecha fija, comentarles que el d\u00eda de hoy, estoy aqu\u00ed en el pozo de Mazatepec, en el pozo nuevo, y como ustedes pueden ver, est\u00e1 trabajando una planta de luz, ya est\u00e1 el pozo funcionando en este momento, con la finalidad de que la gente de Mazatepec, pueda tener agua en las pr\u00f3ximas horas\u201d.<\/p>\n\n\n\n<p><br>Mart\u00ednez Cortez, enfatiz\u00f3 que durante los pr\u00f3ximos d\u00edas el pozo estar\u00e1 funcionando, con el objetivo de que los pobladores tengan agua en sus viviendas \u201cel tanque de este pozo, tarde tres horas para llenarse, ahorita los compa\u00f1eros de agua potable, se est\u00e1n dando a la tarea de ir a las v\u00e1lvulas, para poder abrirlas para que en el momento que se llene el tanque, estar\u00e1 empezando a llegar el agua a los hogares\u201d.<\/p>\n\n\n\n<p><br>Asimismo, agreg\u00f3 que la problem\u00e1tica de falta de agua potable en estas comunidades, ha sido por a\u00f1os \u201ccomo ustedes saben, este pozo se construy\u00f3 en esta administraci\u00f3n, pensando en la situaci\u00f3n, de falta de agua que tiene Mazatepec, ahorita de manera moment\u00e1nea, est\u00e1 funcionando con planta de luz\u201d.<\/p>\n\n\n\n<p><br>Finalmente, asegur\u00f3 que en pr\u00f3ximos d\u00edas, este pozo funcionar\u00e1 al cien por ciento \u201cya en pocos d\u00edas ya estar\u00e1 funcionando al cien, ya tenemos la l\u00ednea de postes, ya tenemos el transformador, ya solo es que Comisi\u00f3n Federal de Electricidad venga y ponga la l\u00ednea de alta tensi\u00f3n para que ya Mazatepec tenga funcionando su pozo\u201d.<\/p>\n\n\n<figure class=\"wp-block-post-featured-image\"><img loading=\"lazy\" decoding=\"async\" width=\"720\" height=\"402\" src=\"https:\/\/estado29.mx\/wp-content\/uploads\/2023\/06\/Screenshot_2023-06-28-17-24-08-1342.jpg\" class=\"attachment-post-thumbnail size-post-thumbnail wp-post-image\" alt=\"\" style=\"object-fit:cover;\" srcset=\"https:\/\/estado29.mx\/wp-content\/uploads\/2023\/06\/Screenshot_2023-06-28-17-24-08-1342.jpg 720w, https:\/\/estado29.mx\/wp-content\/uploads\/2023\/06\/Screenshot_2023-06-28-17-24-08-1342-300x168.jpg 300w\" sizes=\"auto, (max-width: 720px) 100vw, 720px\" \/><\/figure>","protected":false},"excerpt":{"rendered":"<p>Este martes 27 de junio del a\u00f1o en curso, se puso en marcha el nuevo pozo en el Municipio de El Carmen Tequexquitla. Este pozo, beneficiar\u00e1 principalmente a los habitantes de las Colonias Mazatepec Norte y Sur, quienes desde hace aproximadamente cinco a\u00f1os, sufr\u00edan de desabasto del vital l\u00edquido. En este sentido, la alcaldesa Mar\u00eda [&hellip;]<\/p>\n","protected":false},"author":7,"featured_media":87035,"comment_status":"open","ping_status":"open","sticky":false,"template":"","format":"standard","meta":{"om_disable_all_campaigns":false,"_monsterinsights_skip_tracking":false,"_monsterinsights_sitenote_active":false,"_monsterinsights_sitenote_note":"","_monsterinsights_sitenote_category":0,"jnews-multi-image_gallery":[],"jnews_single_post":{"subtitle":"","format":"standard","video":"","gallery":"","source_name":"","source_url":"","via_name":"","via_url":"","override_template":"0","override":[{"template":"1","single_blog_custom":"","parallax":"1","fullscreen":"1","layout":"right-sidebar","sidebar":"default-sidebar","second_sidebar":"default-sidebar","sticky_sidebar":"1","share_position":"top","share_float_style":"share-monocrhome","show_share_counter":"1","show_view_counter":"1","show_featured":"1","show_post_meta":"1","show_post_author":"1","show_post_author_image":"1","show_post_date":"1","post_date_format":"default","post_date_format_custom":"Y\/m\/d","show_post_category":"1","show_post_reading_time":"0","post_reading_time_wpm":"300","show_zoom_button":"0","zoom_button_out_step":"2","zoom_button_in_step":"3","show_post_tag":"1","show_prev_next_post":"1","show_popup_post":"1","number_popup_post":"1","show_author_box":"1","show_post_related":"0","show_inline_post_related":"0"}],"override_image_size":"0","image_override":[{"single_post_thumbnail_size":"crop-500","single_post_gallery_size":"crop-500"}],"trending_post":"0","trending_post_position":"meta","trending_post_label":"Trending","sponsored_post":"0","sponsored_post_label":"Sponsored by","sponsored_post_name":"","sponsored_post_url":"","sponsored_post_logo_enable":"0","sponsored_post_logo":"","sponsored_post_desc":"","disable_ad":"0"},"jnews_primary_category":{"id":""},"footnotes":""},"categories":[1],"tags":[],"class_list":["post-87034","post","type-post","status-publish","format-standard","has-post-thumbnail","hentry","category-uncategorized"],"aioseo_notices":[],"_links":{"self":[{"href":"https:\/\/estado29.mx\/index.php?rest_route=\/wp\/v2\/posts\/87034","targetHints":{"allow":["GET"]}}],"collection":[{"href":"https:\/\/estado29.mx\/index.php?rest_route=\/wp\/v2\/posts"}],"about":[{"href":"https:\/\/estado29.mx\/index.php?rest_route=\/wp\/v2\/types\/post"}],"author":[{"embeddable":true,"href":"https:\/\/estado29.mx\/index.php?rest_route=\/wp\/v2\/users\/7"}],"replies":[{"embeddable":true,"href":"https:\/\/estado29.mx\/index.php?rest_route=%2Fwp%2Fv2%2Fcomments&post=87034"}],"version-history":[{"count":2,"href":"https:\/\/estado29.mx\/index.php?rest_route=\/wp\/v2\/posts\/87034\/revisions"}],"predecessor-version":[{"id":87037,"href":"https:\/\/estado29.mx\/index.php?rest_route=\/wp\/v2\/posts\/87034\/revisions\/87037"}],"wp:featuredmedia":[{"embeddable":true,"href":"https:\/\/estado29.mx\/index.php?rest_route=\/wp\/v2\/media\/87035"}],"wp:attachment":[{"href":"https:\/\/estado29.mx\/index.php?rest_route=%2Fwp%2Fv2%2Fmedia&parent=87034"}],"wp:term":[{"taxonomy":"category","embeddable":true,"href":"https:\/\/estado29.mx\/index.php?rest_route=%2Fwp%2Fv2%2Fcategories&post=87034"},{"taxonomy":"post_tag","embeddable":true,"href":"https:\/\/estado29.mx\/index.php?rest_route=%2Fwp%2Fv2%2Ftags&post=87034"}],"curies":[{"name":"wp","href":"https:\/\/api.w.org\/{rel}","templated":true}]}}