{"id":87045,"date":"2023-06-29T19:12:57","date_gmt":"2023-06-29T19:12:57","guid":{"rendered":"https:\/\/estado29.mx\/?p=87045"},"modified":"2023-06-29T19:12:58","modified_gmt":"2023-06-29T19:12:58","slug":"se-lleva-a-cabo-en-cuapiaxtla-primer-feria-de-salud","status":"publish","type":"post","link":"https:\/\/estado29.mx\/?p=87045","title":{"rendered":"Se lleva a cabo en Cuapiaxtla Primer Feria de Salud."},"content":{"rendered":"\n<p>Este jueves 29 de junio del a\u00f1o en curso, se llev\u00f3 a cabo en el municipio de Cuapiaxtla, la Primer Feria de Salud, bajo el lema \u201cTrabajemos juntos por la salud, IMSSpirando BIENESTAR\u201d.<\/p>\n\n\n\n<p><br>Dichas acciones se realizaron a trav\u00e9s del Ayuntamiento, en coordinaci\u00f3n con el Sistema Municipal para el Desarrollo Integral de la Familia (SMDIF), la Unidad B\u00e1sica de Rehabilitaci\u00f3n (UBR), la Instancia de la Mujer, IMSS Bienestar y la Secretar\u00eda de Salud del Estado de Tlaxcala.<\/p>\n\n\n\n<p><br>Entre los servicios que se ofrecieron a los pobladores est\u00e1n, Consulta M\u00e9dica General, Consulta de Medicina Interna, Consulta Nutricional, Detecci\u00f3n de Enfermedades Cr\u00f3nicas no Transmisibles, Complemento de Esquema de Vacunaci\u00f3n, Prevenci\u00f3n y Promoci\u00f3n de Salud Buco-Dental, Prevenci\u00f3n, Promoci\u00f3n y Aplicaci\u00f3n de M\u00e9todos de Planificaci\u00f3n Familiar, Consulta de Psicolog\u00eda, Rehabilitaci\u00f3n F\u00edsica, Promoci\u00f3n y Degustaci\u00f3n de Alimentos Preparados con Productos de la Regi\u00f3n y Activaci\u00f3n F\u00edsica.<\/p>\n\n\n\n<p><br>El horario de atenci\u00f3n es de nueve de la ma\u00f1ana a cuatro de la tarde, en las canchas de b\u00e1squetbol del lugar.<\/p>\n\n\n<figure class=\"wp-block-post-featured-image\"><img loading=\"lazy\" decoding=\"async\" width=\"1080\" height=\"853\" src=\"https:\/\/estado29.mx\/wp-content\/uploads\/2023\/06\/IMG-20230629-WA0000.jpg\" class=\"attachment-post-thumbnail size-post-thumbnail wp-post-image\" alt=\"\" style=\"object-fit:cover;\" srcset=\"https:\/\/estado29.mx\/wp-content\/uploads\/2023\/06\/IMG-20230629-WA0000.jpg 1080w, https:\/\/estado29.mx\/wp-content\/uploads\/2023\/06\/IMG-20230629-WA0000-300x237.jpg 300w, https:\/\/estado29.mx\/wp-content\/uploads\/2023\/06\/IMG-20230629-WA0000-1024x809.jpg 1024w, https:\/\/estado29.mx\/wp-content\/uploads\/2023\/06\/IMG-20230629-WA0000-768x607.jpg 768w, https:\/\/estado29.mx\/wp-content\/uploads\/2023\/06\/IMG-20230629-WA0000-750x592.jpg 750w\" sizes=\"auto, (max-width: 1080px) 100vw, 1080px\" \/><\/figure>","protected":false},"excerpt":{"rendered":"<p>Este jueves 29 de junio del a\u00f1o en curso, se llev\u00f3 a cabo en el municipio de Cuapiaxtla, la Primer Feria de Salud, bajo el lema \u201cTrabajemos juntos por la salud, IMSSpirando BIENESTAR\u201d. Dichas acciones se realizaron a trav\u00e9s del Ayuntamiento, en coordinaci\u00f3n con el Sistema Municipal para el Desarrollo Integral de la Familia (SMDIF), [&hellip;]<\/p>\n","protected":false},"author":7,"featured_media":87046,"comment_status":"open","ping_status":"open","sticky":false,"template":"","format":"standard","meta":{"om_disable_all_campaigns":false,"_monsterinsights_skip_tracking":false,"_monsterinsights_sitenote_active":false,"_monsterinsights_sitenote_note":"","_monsterinsights_sitenote_category":0,"jnews-multi-image_gallery":[],"jnews_single_post":{"subtitle":"","format":"standard","video":"","gallery":"","source_name":"","source_url":"","via_name":"","via_url":"","override_template":"0","override":[{"template":"1","single_blog_custom":"","parallax":"1","fullscreen":"1","layout":"right-sidebar","sidebar":"default-sidebar","second_sidebar":"default-sidebar","sticky_sidebar":"1","share_position":"top","share_float_style":"share-monocrhome","show_share_counter":"1","show_view_counter":"1","show_featured":"1","show_post_meta":"1","show_post_author":"1","show_post_author_image":"1","show_post_date":"1","post_date_format":"default","post_date_format_custom":"Y\/m\/d","show_post_category":"1","show_post_reading_time":"0","post_reading_time_wpm":"300","show_zoom_button":"0","zoom_button_out_step":"2","zoom_button_in_step":"3","show_post_tag":"1","show_prev_next_post":"1","show_popup_post":"1","number_popup_post":"1","show_author_box":"1","show_post_related":"0","show_inline_post_related":"0"}],"override_image_size":"0","image_override":[{"single_post_thumbnail_size":"crop-500","single_post_gallery_size":"crop-500"}],"trending_post":"0","trending_post_position":"meta","trending_post_label":"Trending","sponsored_post":"0","sponsored_post_label":"Sponsored by","sponsored_post_name":"","sponsored_post_url":"","sponsored_post_logo_enable":"0","sponsored_post_logo":"","sponsored_post_desc":"","disable_ad":"0"},"jnews_primary_category":{"id":""},"footnotes":""},"categories":[1],"tags":[],"class_list":["post-87045","post","type-post","status-publish","format-standard","has-post-thumbnail","hentry","category-uncategorized"],"aioseo_notices":[],"_links":{"self":[{"href":"https:\/\/estado29.mx\/index.php?rest_route=\/wp\/v2\/posts\/87045","targetHints":{"allow":["GET"]}}],"collection":[{"href":"https:\/\/estado29.mx\/index.php?rest_route=\/wp\/v2\/posts"}],"about":[{"href":"https:\/\/estado29.mx\/index.php?rest_route=\/wp\/v2\/types\/post"}],"author":[{"embeddable":true,"href":"https:\/\/estado29.mx\/index.php?rest_route=\/wp\/v2\/users\/7"}],"replies":[{"embeddable":true,"href":"https:\/\/estado29.mx\/index.php?rest_route=%2Fwp%2Fv2%2Fcomments&post=87045"}],"version-history":[{"count":1,"href":"https:\/\/estado29.mx\/index.php?rest_route=\/wp\/v2\/posts\/87045\/revisions"}],"predecessor-version":[{"id":87047,"href":"https:\/\/estado29.mx\/index.php?rest_route=\/wp\/v2\/posts\/87045\/revisions\/87047"}],"wp:featuredmedia":[{"embeddable":true,"href":"https:\/\/estado29.mx\/index.php?rest_route=\/wp\/v2\/media\/87046"}],"wp:attachment":[{"href":"https:\/\/estado29.mx\/index.php?rest_route=%2Fwp%2Fv2%2Fmedia&parent=87045"}],"wp:term":[{"taxonomy":"category","embeddable":true,"href":"https:\/\/estado29.mx\/index.php?rest_route=%2Fwp%2Fv2%2Fcategories&post=87045"},{"taxonomy":"post_tag","embeddable":true,"href":"https:\/\/estado29.mx\/index.php?rest_route=%2Fwp%2Fv2%2Ftags&post=87045"}],"curies":[{"name":"wp","href":"https:\/\/api.w.org\/{rel}","templated":true}]}}