{"id":87066,"date":"2023-06-29T19:36:56","date_gmt":"2023-06-29T19:36:56","guid":{"rendered":"https:\/\/estado29.mx\/?p=87066"},"modified":"2023-06-29T19:36:57","modified_gmt":"2023-06-29T19:36:57","slug":"invierten-en-cam20-tequexquitla-200-mil-pesos-en-rehabilitacion-de-la-institucion","status":"publish","type":"post","link":"https:\/\/estado29.mx\/?p=87066","title":{"rendered":"Invierten en CAM20 Tequexquitla 200 mil pesos en rehabilitaci\u00f3n de la instituci\u00f3n."},"content":{"rendered":"\n<p>Este jueves 29 de junio del a\u00f1o en curso , Jos\u00e9 Antonio Aguilar Garc\u00eda, Representante del Centro Integrador de Desarrollo en Tequexquitla, se reuni\u00f3 en las instalaciones del Centro de Atenci\u00f3n M\u00faltiple, N\u00famero 20 (CAM) con padres de familia y personal administrativo de la instituci\u00f3n.<\/p>\n\n\n\n<p><br>En dicha reuni\u00f3n, personal del Programa Federal, La Escuela es Nuestra, hizo la entrega de mantenimiento realizado en la instituci\u00f3n.<\/p>\n\n\n\n<p><br>En este sentido, la inversi\u00f3n realizada en los trabajos que se realizaron, asciende a la cantidad de 200 mil pesos, recurso destinado por parte del Gobierno Federal, en apoyo a la educaci\u00f3n.<\/p>\n\n\n\n<figure class=\"wp-block-image size-full\"><img loading=\"lazy\" decoding=\"async\" width=\"720\" height=\"323\" src=\"https:\/\/estado29.mx\/wp-content\/uploads\/2023\/06\/FB_IMG_1688066892947.jpg\" alt=\"\" class=\"wp-image-87068\" srcset=\"https:\/\/estado29.mx\/wp-content\/uploads\/2023\/06\/FB_IMG_1688066892947.jpg 720w, https:\/\/estado29.mx\/wp-content\/uploads\/2023\/06\/FB_IMG_1688066892947-300x135.jpg 300w\" sizes=\"auto, (max-width: 720px) 100vw, 720px\" \/><\/figure>\n\n\n\n<p><br>En este evento, tambi\u00e9n se hizo entrega de las carpetas de evidencias \u201cPor el Bienestar, Primero los Pobres\u201d.<\/p>\n\n\n\n<p><br>Finalmente, padres de familia de los alumnos, agradecieron el apoyo que el Gobierno Federal, destin\u00f3 en beneficio de sus hijos.<\/p>\n\n\n<figure class=\"wp-block-post-featured-image\"><img loading=\"lazy\" decoding=\"async\" width=\"720\" height=\"540\" src=\"https:\/\/estado29.mx\/wp-content\/uploads\/2023\/06\/FB_IMG_1688066899214.jpg\" class=\"attachment-post-thumbnail size-post-thumbnail wp-post-image\" alt=\"\" style=\"object-fit:cover;\" srcset=\"https:\/\/estado29.mx\/wp-content\/uploads\/2023\/06\/FB_IMG_1688066899214.jpg 720w, https:\/\/estado29.mx\/wp-content\/uploads\/2023\/06\/FB_IMG_1688066899214-300x225.jpg 300w\" sizes=\"auto, (max-width: 720px) 100vw, 720px\" \/><\/figure>","protected":false},"excerpt":{"rendered":"<p>Este jueves 29 de junio del a\u00f1o en curso , Jos\u00e9 Antonio Aguilar Garc\u00eda, Representante del Centro Integrador de Desarrollo en Tequexquitla, se reuni\u00f3 en las instalaciones del Centro de Atenci\u00f3n M\u00faltiple, N\u00famero 20 (CAM) con padres de familia y personal administrativo de la instituci\u00f3n. En dicha reuni\u00f3n, personal del Programa Federal, La Escuela es [&hellip;]<\/p>\n","protected":false},"author":7,"featured_media":87067,"comment_status":"open","ping_status":"open","sticky":false,"template":"","format":"standard","meta":{"om_disable_all_campaigns":false,"_monsterinsights_skip_tracking":false,"_monsterinsights_sitenote_active":false,"_monsterinsights_sitenote_note":"","_monsterinsights_sitenote_category":0,"jnews-multi-image_gallery":[],"jnews_single_post":{"subtitle":"","format":"standard","video":"","gallery":"","source_name":"","source_url":"","via_name":"","via_url":"","override_template":"0","override":[{"template":"1","single_blog_custom":"","parallax":"1","fullscreen":"1","layout":"right-sidebar","sidebar":"default-sidebar","second_sidebar":"default-sidebar","sticky_sidebar":"1","share_position":"top","share_float_style":"share-monocrhome","show_share_counter":"1","show_view_counter":"1","show_featured":"1","show_post_meta":"1","show_post_author":"1","show_post_author_image":"1","show_post_date":"1","post_date_format":"default","post_date_format_custom":"Y\/m\/d","show_post_category":"1","show_post_reading_time":"0","post_reading_time_wpm":"300","show_zoom_button":"0","zoom_button_out_step":"2","zoom_button_in_step":"3","show_post_tag":"1","show_prev_next_post":"1","show_popup_post":"1","number_popup_post":"1","show_author_box":"1","show_post_related":"0","show_inline_post_related":"0"}],"override_image_size":"0","image_override":[{"single_post_thumbnail_size":"crop-500","single_post_gallery_size":"crop-500"}],"trending_post":"0","trending_post_position":"meta","trending_post_label":"Trending","sponsored_post":"0","sponsored_post_label":"Sponsored by","sponsored_post_name":"","sponsored_post_url":"","sponsored_post_logo_enable":"0","sponsored_post_logo":"","sponsored_post_desc":"","disable_ad":"0"},"jnews_primary_category":{"id":""},"footnotes":""},"categories":[1],"tags":[],"class_list":["post-87066","post","type-post","status-publish","format-standard","has-post-thumbnail","hentry","category-uncategorized"],"aioseo_notices":[],"_links":{"self":[{"href":"https:\/\/estado29.mx\/index.php?rest_route=\/wp\/v2\/posts\/87066","targetHints":{"allow":["GET"]}}],"collection":[{"href":"https:\/\/estado29.mx\/index.php?rest_route=\/wp\/v2\/posts"}],"about":[{"href":"https:\/\/estado29.mx\/index.php?rest_route=\/wp\/v2\/types\/post"}],"author":[{"embeddable":true,"href":"https:\/\/estado29.mx\/index.php?rest_route=\/wp\/v2\/users\/7"}],"replies":[{"embeddable":true,"href":"https:\/\/estado29.mx\/index.php?rest_route=%2Fwp%2Fv2%2Fcomments&post=87066"}],"version-history":[{"count":1,"href":"https:\/\/estado29.mx\/index.php?rest_route=\/wp\/v2\/posts\/87066\/revisions"}],"predecessor-version":[{"id":87069,"href":"https:\/\/estado29.mx\/index.php?rest_route=\/wp\/v2\/posts\/87066\/revisions\/87069"}],"wp:featuredmedia":[{"embeddable":true,"href":"https:\/\/estado29.mx\/index.php?rest_route=\/wp\/v2\/media\/87067"}],"wp:attachment":[{"href":"https:\/\/estado29.mx\/index.php?rest_route=%2Fwp%2Fv2%2Fmedia&parent=87066"}],"wp:term":[{"taxonomy":"category","embeddable":true,"href":"https:\/\/estado29.mx\/index.php?rest_route=%2Fwp%2Fv2%2Fcategories&post=87066"},{"taxonomy":"post_tag","embeddable":true,"href":"https:\/\/estado29.mx\/index.php?rest_route=%2Fwp%2Fv2%2Ftags&post=87066"}],"curies":[{"name":"wp","href":"https:\/\/api.w.org\/{rel}","templated":true}]}}