{"id":87078,"date":"2023-06-30T18:44:37","date_gmt":"2023-06-30T18:44:37","guid":{"rendered":"https:\/\/estado29.mx\/?p=87078"},"modified":"2023-06-30T18:44:38","modified_gmt":"2023-06-30T18:44:38","slug":"disminuye-incidencia-delictiva-en-huamantla","status":"publish","type":"post","link":"https:\/\/estado29.mx\/?p=87078","title":{"rendered":"Disminuye incidencia delictiva en Huamantla."},"content":{"rendered":"\n<p>El Presidente Municipal de Huamantla, Juan Salvador Santos Cedillo, resalt\u00f3 que a trav\u00e9s del \u00e1rea de seguridad de lugar, se ha reducido la incidencia delictiva.<\/p>\n\n\n\n<p><br>El edil mencion\u00f3 que dichos datos, han sido arrojados, por medio de las mesas de trabajo que se realizan \u201cbien, f\u00edjate que, bajamos mucho los \u00edndices de delincuencia, a comparaci\u00f3n de otros a\u00f1os y eso no lo digo yo, es algo que se ve en las mesas de seguridad, algo que, determina tambi\u00e9n las cifras y n\u00fameros, a trav\u00e9s de llamadas del 911, 089, de la misma polic\u00eda municipal\u201d.<\/p>\n\n\n\n<p><br>En este sentido, dijo que a trav\u00e9s de la colocaci\u00f3n de alarmas vecinales y el incremento de unidades, se la logrado mayor eficacia en el tema \u201chacemos un rastreo y estamos al pendiente siempre, de ver que, con qu\u00e9 certeza, seguridad y eficacia estamos respondiendo a los llamados, y lo estamos haciendo bien, sabes que implementamos hace un a\u00f1o, 100 alarmas vecinales, que est\u00e1n conectadas al C2, hemos conectado hasta el d\u00eda de hoy tres puntos, importantes, donde eran focos rojos para temas de asaltos que ahora tienen un bot\u00f3n de p\u00e1nico, aumentamos el n\u00famero de c\u00e1maras, aumentamos el n\u00famero de patrullas, hemos dado uniformes, hemos dado incentivo a la polic\u00eda municipal, creo que ha sido un tema donde, nosotros hemos puesto mucho empe\u00f1o en la seguridad y se notan los resultados\u201d.<\/p>\n\n\n\n<p><br>En este sentido, el edil calific\u00f3, que el tema de la seguridad es muy dif\u00edcil \u201ces muy dif\u00edcil la seguridad, se tiene que tomar con mucha delicadeza porque, a nivel nacional no ha sido f\u00e1cil, no es un tema sencillo, no solamente es Huamantla, no es el Estado de Tlaxcala, es a nivel Nacional, el enfrentar al crimen organizado es complejo y no solo el crimen organizado, la verdad es que la sociedad tambi\u00e9n, no pone mucho de su parte en estos temas, lamentablemente no puedo poner un polic\u00eda por persona, y hay robos que nos llaman mucho la atenci\u00f3n\u201d.<\/p>\n\n\n\n<p><br>Finalmente el alcalde mencion\u00f3 que el tema de la seguridad de un municipio, no solo compete a las autoridades, sino tambi\u00e9n a los pobladores, as\u00ed como inculcar valores a la ni\u00f1ez y juventud \u201cno hace mucho, hubo un robo de una alcanc\u00eda, en la Parroquia de San Luis Obispo, y me llam\u00f3 mucho la atenci\u00f3n que, pues rea una pareja con un beb\u00e9, entonces, yo te apuesto lo que quieras a que, si la polic\u00eda los hubiera agarrado en ese momento, la gente lo hubiera mal interpretado, porque hubieran dicho que est\u00e1bamos arrestando a una pareja con un beb\u00e9 que no estaban haciendo nada y no te pones a pensar en ello y es una realidad hoy en d\u00eda que, cosas as\u00ed son las que generamos como sociedad, tenemos que cuidarlo, es parte de todos, no es parte de un ayuntamiento, tenemos que poner de nuestra parte, el ayuntamiento no genera una delincuencia o no crea delincuencia, o no crea delincuentes, creo que la sociedad somos los que tenemos la culpa y donde, tenemos que seguir inculcando los valores necesarios, para terminar con la delincuencia\u201d.<\/p>\n\n\n<figure class=\"wp-block-post-featured-image\"><img loading=\"lazy\" decoding=\"async\" width=\"2560\" height=\"1920\" src=\"https:\/\/estado29.mx\/wp-content\/uploads\/2023\/06\/IMG_20230623_131617-min-scaled.jpg\" class=\"attachment-post-thumbnail size-post-thumbnail wp-post-image\" alt=\"\" style=\"object-fit:cover;\" srcset=\"https:\/\/estado29.mx\/wp-content\/uploads\/2023\/06\/IMG_20230623_131617-min-scaled.jpg 2560w, https:\/\/estado29.mx\/wp-content\/uploads\/2023\/06\/IMG_20230623_131617-min-300x225.jpg 300w, https:\/\/estado29.mx\/wp-content\/uploads\/2023\/06\/IMG_20230623_131617-min-1024x768.jpg 1024w, https:\/\/estado29.mx\/wp-content\/uploads\/2023\/06\/IMG_20230623_131617-min-768x576.jpg 768w, https:\/\/estado29.mx\/wp-content\/uploads\/2023\/06\/IMG_20230623_131617-min-1536x1152.jpg 1536w, https:\/\/estado29.mx\/wp-content\/uploads\/2023\/06\/IMG_20230623_131617-min-2048x1536.jpg 2048w, https:\/\/estado29.mx\/wp-content\/uploads\/2023\/06\/IMG_20230623_131617-min-750x563.jpg 750w, https:\/\/estado29.mx\/wp-content\/uploads\/2023\/06\/IMG_20230623_131617-min-1140x855.jpg 1140w\" sizes=\"auto, (max-width: 2560px) 100vw, 2560px\" \/><\/figure>","protected":false},"excerpt":{"rendered":"<p>El Presidente Municipal de Huamantla, Juan Salvador Santos Cedillo, resalt\u00f3 que a trav\u00e9s del \u00e1rea de seguridad de lugar, se ha reducido la incidencia delictiva. El edil mencion\u00f3 que dichos datos, han sido arrojados, por medio de las mesas de trabajo que se realizan \u201cbien, f\u00edjate que, bajamos mucho los \u00edndices de delincuencia, a comparaci\u00f3n [&hellip;]<\/p>\n","protected":false},"author":7,"featured_media":86992,"comment_status":"open","ping_status":"open","sticky":false,"template":"","format":"standard","meta":{"om_disable_all_campaigns":false,"_monsterinsights_skip_tracking":false,"_monsterinsights_sitenote_active":false,"_monsterinsights_sitenote_note":"","_monsterinsights_sitenote_category":0,"jnews-multi-image_gallery":[],"jnews_single_post":{"subtitle":"","format":"standard","video":"","gallery":"","source_name":"","source_url":"","via_name":"","via_url":"","override_template":"0","override":[{"template":"1","single_blog_custom":"","parallax":"1","fullscreen":"1","layout":"right-sidebar","sidebar":"default-sidebar","second_sidebar":"default-sidebar","sticky_sidebar":"1","share_position":"top","share_float_style":"share-monocrhome","show_share_counter":"1","show_view_counter":"1","show_featured":"1","show_post_meta":"1","show_post_author":"1","show_post_author_image":"1","show_post_date":"1","post_date_format":"default","post_date_format_custom":"Y\/m\/d","show_post_category":"1","show_post_reading_time":"0","post_reading_time_wpm":"300","show_zoom_button":"0","zoom_button_out_step":"2","zoom_button_in_step":"3","show_post_tag":"1","show_prev_next_post":"1","show_popup_post":"1","number_popup_post":"1","show_author_box":"1","show_post_related":"0","show_inline_post_related":"0"}],"override_image_size":"0","image_override":[{"single_post_thumbnail_size":"crop-500","single_post_gallery_size":"crop-500"}],"trending_post":"0","trending_post_position":"meta","trending_post_label":"Trending","sponsored_post":"0","sponsored_post_label":"Sponsored by","sponsored_post_name":"","sponsored_post_url":"","sponsored_post_logo_enable":"0","sponsored_post_logo":"","sponsored_post_desc":"","disable_ad":"0"},"jnews_primary_category":{"id":""},"footnotes":""},"categories":[1],"tags":[],"class_list":["post-87078","post","type-post","status-publish","format-standard","has-post-thumbnail","hentry","category-uncategorized"],"aioseo_notices":[],"_links":{"self":[{"href":"https:\/\/estado29.mx\/index.php?rest_route=\/wp\/v2\/posts\/87078","targetHints":{"allow":["GET"]}}],"collection":[{"href":"https:\/\/estado29.mx\/index.php?rest_route=\/wp\/v2\/posts"}],"about":[{"href":"https:\/\/estado29.mx\/index.php?rest_route=\/wp\/v2\/types\/post"}],"author":[{"embeddable":true,"href":"https:\/\/estado29.mx\/index.php?rest_route=\/wp\/v2\/users\/7"}],"replies":[{"embeddable":true,"href":"https:\/\/estado29.mx\/index.php?rest_route=%2Fwp%2Fv2%2Fcomments&post=87078"}],"version-history":[{"count":1,"href":"https:\/\/estado29.mx\/index.php?rest_route=\/wp\/v2\/posts\/87078\/revisions"}],"predecessor-version":[{"id":87079,"href":"https:\/\/estado29.mx\/index.php?rest_route=\/wp\/v2\/posts\/87078\/revisions\/87079"}],"wp:featuredmedia":[{"embeddable":true,"href":"https:\/\/estado29.mx\/index.php?rest_route=\/wp\/v2\/media\/86992"}],"wp:attachment":[{"href":"https:\/\/estado29.mx\/index.php?rest_route=%2Fwp%2Fv2%2Fmedia&parent=87078"}],"wp:term":[{"taxonomy":"category","embeddable":true,"href":"https:\/\/estado29.mx\/index.php?rest_route=%2Fwp%2Fv2%2Fcategories&post=87078"},{"taxonomy":"post_tag","embeddable":true,"href":"https:\/\/estado29.mx\/index.php?rest_route=%2Fwp%2Fv2%2Ftags&post=87078"}],"curies":[{"name":"wp","href":"https:\/\/api.w.org\/{rel}","templated":true}]}}