{"id":87240,"date":"2023-07-13T19:23:35","date_gmt":"2023-07-13T19:23:35","guid":{"rendered":"https:\/\/estado29.mx\/?p=87240"},"modified":"2023-07-13T19:23:38","modified_gmt":"2023-07-13T19:23:38","slug":"realizan-en-tequexquitla-primera-jornada-de-salud","status":"publish","type":"post","link":"https:\/\/estado29.mx\/?p=87240","title":{"rendered":"Realizan en Tequexquitla \u201cPrimera Jornada de Salud\u201d."},"content":{"rendered":"\n<p>La presidenta Municipal de El Carmen Tequexquitla, Mar\u00eda Araceli Mart\u00ednez Cortez, resalt\u00f3 que como parte de las acciones que se realizan a trav\u00e9s de su administraci\u00f3n, destaca la Primera Jornada de Salud P\u00fablica.<\/p>\n\n\n\n<p><br>En este sentido, agreg\u00f3 que se colocar\u00e1n puestos de vacunaci\u00f3n en diferentes puntos del municipio, de la manera siguiente:<\/p>\n\n\n\n<p><br>Para el d\u00eda de hoy 13 de julio, se colocar\u00e1 un puesto en la Presidencia de la Colonia Mazatepec y un puesto en Calle Mina y para ma\u00f1ana viernes 14 de julio, habr\u00e1 un puesto en la presidencia de Comunidad del Barrio de Guadalupe.<\/p>\n\n\n\n<p><br>La alcaldesa enfatiz\u00f3 que los servicios que otorgar\u00e1n son, complementos de esquemas de vacunaci\u00f3n, entrega de suero oral, aplicaci\u00f3n de desparasitante, m\u00e9todos de planificaci\u00f3n familiar, Informaci\u00f3n odontol\u00f3gica e informaci\u00f3n de nutrici\u00f3n.<\/p>\n\n\n\n<p><br>Finalmente coment\u00f3 que los interesados, deben acudir con su cartilla de vacunaci\u00f3n, en un horario de 9:00 de la ma\u00f1ana a 2:00 de la tarde.<\/p>\n\n\n<figure class=\"wp-block-post-featured-image\"><img loading=\"lazy\" decoding=\"async\" width=\"720\" height=\"405\" src=\"https:\/\/estado29.mx\/wp-content\/uploads\/2023\/07\/FB_IMG_1689185738989.jpg\" class=\"attachment-post-thumbnail size-post-thumbnail wp-post-image\" alt=\"\" style=\"object-fit:cover;\" srcset=\"https:\/\/estado29.mx\/wp-content\/uploads\/2023\/07\/FB_IMG_1689185738989.jpg 720w, https:\/\/estado29.mx\/wp-content\/uploads\/2023\/07\/FB_IMG_1689185738989-300x169.jpg 300w\" sizes=\"auto, (max-width: 720px) 100vw, 720px\" \/><\/figure>","protected":false},"excerpt":{"rendered":"<p>La presidenta Municipal de El Carmen Tequexquitla, Mar\u00eda Araceli Mart\u00ednez Cortez, resalt\u00f3 que como parte de las acciones que se realizan a trav\u00e9s de su administraci\u00f3n, destaca la Primera Jornada de Salud P\u00fablica. En este sentido, agreg\u00f3 que se colocar\u00e1n puestos de vacunaci\u00f3n en diferentes puntos del municipio, de la manera siguiente: Para el d\u00eda [&hellip;]<\/p>\n","protected":false},"author":7,"featured_media":87241,"comment_status":"open","ping_status":"open","sticky":false,"template":"","format":"standard","meta":{"om_disable_all_campaigns":false,"_monsterinsights_skip_tracking":false,"_monsterinsights_sitenote_active":false,"_monsterinsights_sitenote_note":"","_monsterinsights_sitenote_category":0,"jnews-multi-image_gallery":[],"jnews_single_post":{"subtitle":"","format":"standard","video":"","gallery":"","source_name":"","source_url":"","via_name":"","via_url":"","override_template":"0","override":[{"template":"1","single_blog_custom":"","parallax":"1","fullscreen":"1","layout":"right-sidebar","sidebar":"default-sidebar","second_sidebar":"default-sidebar","sticky_sidebar":"1","share_position":"top","share_float_style":"share-monocrhome","show_share_counter":"1","show_view_counter":"1","show_featured":"1","show_post_meta":"1","show_post_author":"1","show_post_author_image":"1","show_post_date":"1","post_date_format":"default","post_date_format_custom":"Y\/m\/d","show_post_category":"1","show_post_reading_time":"0","post_reading_time_wpm":"300","show_zoom_button":"0","zoom_button_out_step":"2","zoom_button_in_step":"3","show_post_tag":"1","show_prev_next_post":"1","show_popup_post":"1","number_popup_post":"1","show_author_box":"1","show_post_related":"0","show_inline_post_related":"0"}],"override_image_size":"0","image_override":[{"single_post_thumbnail_size":"crop-500","single_post_gallery_size":"crop-500"}],"trending_post":"0","trending_post_position":"meta","trending_post_label":"Trending","sponsored_post":"0","sponsored_post_label":"Sponsored by","sponsored_post_name":"","sponsored_post_url":"","sponsored_post_logo_enable":"0","sponsored_post_logo":"","sponsored_post_desc":"","disable_ad":"0"},"jnews_primary_category":{"id":""},"footnotes":""},"categories":[1],"tags":[],"class_list":["post-87240","post","type-post","status-publish","format-standard","has-post-thumbnail","hentry","category-uncategorized"],"aioseo_notices":[],"_links":{"self":[{"href":"https:\/\/estado29.mx\/index.php?rest_route=\/wp\/v2\/posts\/87240","targetHints":{"allow":["GET"]}}],"collection":[{"href":"https:\/\/estado29.mx\/index.php?rest_route=\/wp\/v2\/posts"}],"about":[{"href":"https:\/\/estado29.mx\/index.php?rest_route=\/wp\/v2\/types\/post"}],"author":[{"embeddable":true,"href":"https:\/\/estado29.mx\/index.php?rest_route=\/wp\/v2\/users\/7"}],"replies":[{"embeddable":true,"href":"https:\/\/estado29.mx\/index.php?rest_route=%2Fwp%2Fv2%2Fcomments&post=87240"}],"version-history":[{"count":1,"href":"https:\/\/estado29.mx\/index.php?rest_route=\/wp\/v2\/posts\/87240\/revisions"}],"predecessor-version":[{"id":87242,"href":"https:\/\/estado29.mx\/index.php?rest_route=\/wp\/v2\/posts\/87240\/revisions\/87242"}],"wp:featuredmedia":[{"embeddable":true,"href":"https:\/\/estado29.mx\/index.php?rest_route=\/wp\/v2\/media\/87241"}],"wp:attachment":[{"href":"https:\/\/estado29.mx\/index.php?rest_route=%2Fwp%2Fv2%2Fmedia&parent=87240"}],"wp:term":[{"taxonomy":"category","embeddable":true,"href":"https:\/\/estado29.mx\/index.php?rest_route=%2Fwp%2Fv2%2Fcategories&post=87240"},{"taxonomy":"post_tag","embeddable":true,"href":"https:\/\/estado29.mx\/index.php?rest_route=%2Fwp%2Fv2%2Ftags&post=87240"}],"curies":[{"name":"wp","href":"https:\/\/api.w.org\/{rel}","templated":true}]}}