{"id":87246,"date":"2023-07-13T19:30:25","date_gmt":"2023-07-13T19:30:25","guid":{"rendered":"https:\/\/estado29.mx\/?p=87246"},"modified":"2023-07-13T19:30:26","modified_gmt":"2023-07-13T19:30:26","slug":"realizan-muestra-gastronomica-y-expo-venta-de-emprendedoras-en-tequexquitla","status":"publish","type":"post","link":"https:\/\/estado29.mx\/?p=87246","title":{"rendered":"Realizan muestra gastron\u00f3mica y Expo Venta de Emprendedoras en Tequexquitla."},"content":{"rendered":"\n<p>La Presidenta Municipal de El Carmen Tequexquitla, Mar\u00eda Araceli Mart\u00ednez Cortez y Sistema Municipal para el Desarrollo Integral de la Familia (SMDIF), hacen la invitaci\u00f3n a pobladores y habitantes de municipios vecinos, a la muestra gastron\u00f3mica y expo venta de emprendedoras.<\/p>\n\n\n\n<figure class=\"wp-block-image size-full is-resized\"><img loading=\"lazy\" decoding=\"async\" src=\"https:\/\/estado29.mx\/wp-content\/uploads\/2023\/07\/Screenshot_2023-07-12-23-59-14-3022.jpg\" alt=\"\" class=\"wp-image-87248\" width=\"307\" height=\"232\" \/><\/figure>\n\n\n\n<p><br>La alcaldesa mencion\u00f3 que dicha muestra se realizar\u00e1 hoy jueves 13 de junio del a\u00f1o en curso, a partir de la una de la tarde, en el andador municipal.<\/p>\n\n\n\n<p><br>Agreg\u00f3 que estas acciones, se realizan con el objetivo de apoyar a las emprendedoras del municipio, con el impulso de sus negocios\u201d.<\/p>\n\n\n<figure class=\"wp-block-post-featured-image\"><img loading=\"lazy\" decoding=\"async\" width=\"720\" height=\"461\" src=\"https:\/\/estado29.mx\/wp-content\/uploads\/2023\/07\/Screenshot_2023-07-12-23-56-44-8592.jpg\" class=\"attachment-post-thumbnail size-post-thumbnail wp-post-image\" alt=\"\" style=\"object-fit:cover;\" srcset=\"https:\/\/estado29.mx\/wp-content\/uploads\/2023\/07\/Screenshot_2023-07-12-23-56-44-8592.jpg 720w, https:\/\/estado29.mx\/wp-content\/uploads\/2023\/07\/Screenshot_2023-07-12-23-56-44-8592-300x192.jpg 300w\" sizes=\"auto, (max-width: 720px) 100vw, 720px\" \/><\/figure>\n\n\n<p><br>Finalmente, enfatiz\u00f3 que el lugar, cuenta con gente muy talentosa, por lo que es importante el apoyo a la econom\u00eda local \u201cTequexquitla est\u00e1 lleno de gente emprendedora y talentosa, ven y apoya la econom\u00eda local\u201d.<\/p>\n","protected":false},"excerpt":{"rendered":"<p>La Presidenta Municipal de El Carmen Tequexquitla, Mar\u00eda Araceli Mart\u00ednez Cortez y Sistema Municipal para el Desarrollo Integral de la Familia (SMDIF), hacen la invitaci\u00f3n a pobladores y habitantes de municipios vecinos, a la muestra gastron\u00f3mica y expo venta de emprendedoras. La alcaldesa mencion\u00f3 que dicha muestra se realizar\u00e1 hoy jueves 13 de junio del [&hellip;]<\/p>\n","protected":false},"author":7,"featured_media":87247,"comment_status":"open","ping_status":"open","sticky":false,"template":"","format":"standard","meta":{"om_disable_all_campaigns":false,"_monsterinsights_skip_tracking":false,"_monsterinsights_sitenote_active":false,"_monsterinsights_sitenote_note":"","_monsterinsights_sitenote_category":0,"jnews-multi-image_gallery":[],"jnews_single_post":{"subtitle":"","format":"standard","video":"","gallery":"","source_name":"","source_url":"","via_name":"","via_url":"","override_template":"0","override":[{"template":"1","single_blog_custom":"","parallax":"1","fullscreen":"1","layout":"right-sidebar","sidebar":"default-sidebar","second_sidebar":"default-sidebar","sticky_sidebar":"1","share_position":"top","share_float_style":"share-monocrhome","show_share_counter":"1","show_view_counter":"1","show_featured":"1","show_post_meta":"1","show_post_author":"1","show_post_author_image":"1","show_post_date":"1","post_date_format":"default","post_date_format_custom":"Y\/m\/d","show_post_category":"1","show_post_reading_time":"0","post_reading_time_wpm":"300","show_zoom_button":"0","zoom_button_out_step":"2","zoom_button_in_step":"3","show_post_tag":"1","show_prev_next_post":"1","show_popup_post":"1","number_popup_post":"1","show_author_box":"1","show_post_related":"0","show_inline_post_related":"0"}],"override_image_size":"0","image_override":[{"single_post_thumbnail_size":"crop-500","single_post_gallery_size":"crop-500"}],"trending_post":"0","trending_post_position":"meta","trending_post_label":"Trending","sponsored_post":"0","sponsored_post_label":"Sponsored by","sponsored_post_name":"","sponsored_post_url":"","sponsored_post_logo_enable":"0","sponsored_post_logo":"","sponsored_post_desc":"","disable_ad":"0"},"jnews_primary_category":{"id":""},"footnotes":""},"categories":[1],"tags":[],"class_list":["post-87246","post","type-post","status-publish","format-standard","has-post-thumbnail","hentry","category-uncategorized"],"aioseo_notices":[],"_links":{"self":[{"href":"https:\/\/estado29.mx\/index.php?rest_route=\/wp\/v2\/posts\/87246","targetHints":{"allow":["GET"]}}],"collection":[{"href":"https:\/\/estado29.mx\/index.php?rest_route=\/wp\/v2\/posts"}],"about":[{"href":"https:\/\/estado29.mx\/index.php?rest_route=\/wp\/v2\/types\/post"}],"author":[{"embeddable":true,"href":"https:\/\/estado29.mx\/index.php?rest_route=\/wp\/v2\/users\/7"}],"replies":[{"embeddable":true,"href":"https:\/\/estado29.mx\/index.php?rest_route=%2Fwp%2Fv2%2Fcomments&post=87246"}],"version-history":[{"count":1,"href":"https:\/\/estado29.mx\/index.php?rest_route=\/wp\/v2\/posts\/87246\/revisions"}],"predecessor-version":[{"id":87249,"href":"https:\/\/estado29.mx\/index.php?rest_route=\/wp\/v2\/posts\/87246\/revisions\/87249"}],"wp:featuredmedia":[{"embeddable":true,"href":"https:\/\/estado29.mx\/index.php?rest_route=\/wp\/v2\/media\/87247"}],"wp:attachment":[{"href":"https:\/\/estado29.mx\/index.php?rest_route=%2Fwp%2Fv2%2Fmedia&parent=87246"}],"wp:term":[{"taxonomy":"category","embeddable":true,"href":"https:\/\/estado29.mx\/index.php?rest_route=%2Fwp%2Fv2%2Fcategories&post=87246"},{"taxonomy":"post_tag","embeddable":true,"href":"https:\/\/estado29.mx\/index.php?rest_route=%2Fwp%2Fv2%2Ftags&post=87246"}],"curies":[{"name":"wp","href":"https:\/\/api.w.org\/{rel}","templated":true}]}}