{"id":87267,"date":"2023-07-14T18:35:58","date_gmt":"2023-07-14T18:35:58","guid":{"rendered":"https:\/\/estado29.mx\/?p=87267"},"modified":"2023-07-14T18:35:59","modified_gmt":"2023-07-14T18:35:59","slug":"realizan-capacitaciones-a-grupo-de-chalequitos-verdes-de-cara-a-mundial-de-voleibol","status":"publish","type":"post","link":"https:\/\/estado29.mx\/?p=87267","title":{"rendered":"Realizan capacitaciones a grupo de Chalequitos Verdes de cara a Mundial de Voleibol."},"content":{"rendered":"\n<p>Mar\u00eda del Carmen Montiel Goyri, Coordinadora de Turismo en el Municipio de Huamantla, habl\u00f3 sobre las capacitaciones que se realizan con el grupo de Chalequitos Verdes, como preparaci\u00f3n para el Campeonato Mundial de Voleibol de Playa Tlaxcala 2023.<\/p>\n\n\n\n<p><br>En este sentido, dijo que personal de Comisi\u00f3n Nacional de Cultura F\u00edsica y Deporte, son quienes viene a impartir dichas capacitaciones \u201ctenemos una capacitaci\u00f3n con los chicos de chalequitos verdes, viene CONADE directamente a dar la capacitaci\u00f3n, para que ellos est\u00e9n sabedores, de qu\u00e9 es lo que se trata todos los eventos, adem\u00e1s de lo del voleibol, tambi\u00e9n hay una p\u00e1gina que posteriormente les comparto, donde ya pueden hacer sus reservas para comprar su boletos y que no se pierdan este evento espectacular que tenemos en Huamantla\u201d.<\/p>\n\n\n\n<p><br>Resalt\u00f3 que Huamantla, tiene un compromiso muy grande a nivel mundial, por lo que invit\u00f3 a la poblaci\u00f3n a realizarlo de la mejor manera \u201ctenemos un compromiso enorme, a nivel mundial, no se por qu\u00e9 nos toc\u00f3 en esta administraci\u00f3n, por algo nos ha de haber tocado, pero pues bueno, estamos, con toda la disposici\u00f3n, todo el ayuntamiento estamos con la mejor disposici\u00f3n para que esto salga adelante, claro que con ayuda de todos los ciudadanos huamantlecos, que retomemos otra vez la anfitrion\u00eda, que retomemos los valores, que retomemos el salir a barrer la calle, saludar a los turistas cuando van en el tranv\u00eda\u201d.<\/p>\n\n\n\n<p><br>Finalmente, exhort\u00f3 a la ciudadan\u00eda del lugar a disfrutar de su Pueblo M\u00e1gico \u201cque si encuentran a alguien que necesita alguna informaci\u00f3n, sepan en donde est\u00e1n ubicadas los diversos aspectos tur\u00edsticos de Huamantla, por eso les ofrecemos que vengan y que disfruten su pueblo m\u00e1gico, como turistas, que no es lo mismo, todos los d\u00edas estar transitando en el mismo espacio, no sabemos lo que hay y que se quite esa barrera de que en Huamantla no hay nada \u201d.<\/p>\n\n\n<figure class=\"wp-block-post-featured-image\"><img loading=\"lazy\" decoding=\"async\" width=\"2560\" height=\"1920\" src=\"https:\/\/estado29.mx\/wp-content\/uploads\/2023\/06\/IMG_20230620_160812-min-scaled.jpg\" class=\"attachment-post-thumbnail size-post-thumbnail wp-post-image\" alt=\"\" style=\"object-fit:cover;\" srcset=\"https:\/\/estado29.mx\/wp-content\/uploads\/2023\/06\/IMG_20230620_160812-min-scaled.jpg 2560w, https:\/\/estado29.mx\/wp-content\/uploads\/2023\/06\/IMG_20230620_160812-min-300x225.jpg 300w, https:\/\/estado29.mx\/wp-content\/uploads\/2023\/06\/IMG_20230620_160812-min-1024x768.jpg 1024w, https:\/\/estado29.mx\/wp-content\/uploads\/2023\/06\/IMG_20230620_160812-min-768x576.jpg 768w, https:\/\/estado29.mx\/wp-content\/uploads\/2023\/06\/IMG_20230620_160812-min-1536x1152.jpg 1536w, https:\/\/estado29.mx\/wp-content\/uploads\/2023\/06\/IMG_20230620_160812-min-2048x1536.jpg 2048w, https:\/\/estado29.mx\/wp-content\/uploads\/2023\/06\/IMG_20230620_160812-min-750x563.jpg 750w, https:\/\/estado29.mx\/wp-content\/uploads\/2023\/06\/IMG_20230620_160812-min-1140x855.jpg 1140w\" sizes=\"auto, (max-width: 2560px) 100vw, 2560px\" \/><\/figure>","protected":false},"excerpt":{"rendered":"<p>Mar\u00eda del Carmen Montiel Goyri, Coordinadora de Turismo en el Municipio de Huamantla, habl\u00f3 sobre las capacitaciones que se realizan con el grupo de Chalequitos Verdes, como preparaci\u00f3n para el Campeonato Mundial de Voleibol de Playa Tlaxcala 2023. En este sentido, dijo que personal de Comisi\u00f3n Nacional de Cultura F\u00edsica y Deporte, son quienes viene [&hellip;]<\/p>\n","protected":false},"author":7,"featured_media":86879,"comment_status":"open","ping_status":"open","sticky":false,"template":"","format":"standard","meta":{"om_disable_all_campaigns":false,"_monsterinsights_skip_tracking":false,"_monsterinsights_sitenote_active":false,"_monsterinsights_sitenote_note":"","_monsterinsights_sitenote_category":0,"jnews-multi-image_gallery":[],"jnews_single_post":{"subtitle":"","format":"standard","video":"","gallery":"","source_name":"","source_url":"","via_name":"","via_url":"","override_template":"0","override":[{"template":"1","single_blog_custom":"","parallax":"1","fullscreen":"1","layout":"right-sidebar","sidebar":"default-sidebar","second_sidebar":"default-sidebar","sticky_sidebar":"1","share_position":"top","share_float_style":"share-monocrhome","show_share_counter":"1","show_view_counter":"1","show_featured":"1","show_post_meta":"1","show_post_author":"1","show_post_author_image":"1","show_post_date":"1","post_date_format":"default","post_date_format_custom":"Y\/m\/d","show_post_category":"1","show_post_reading_time":"0","post_reading_time_wpm":"300","show_zoom_button":"0","zoom_button_out_step":"2","zoom_button_in_step":"3","show_post_tag":"1","show_prev_next_post":"1","show_popup_post":"1","number_popup_post":"1","show_author_box":"1","show_post_related":"0","show_inline_post_related":"0"}],"override_image_size":"0","image_override":[{"single_post_thumbnail_size":"crop-500","single_post_gallery_size":"crop-500"}],"trending_post":"0","trending_post_position":"meta","trending_post_label":"Trending","sponsored_post":"0","sponsored_post_label":"Sponsored by","sponsored_post_name":"","sponsored_post_url":"","sponsored_post_logo_enable":"0","sponsored_post_logo":"","sponsored_post_desc":"","disable_ad":"0"},"jnews_primary_category":{"id":""},"footnotes":""},"categories":[1],"tags":[],"class_list":["post-87267","post","type-post","status-publish","format-standard","has-post-thumbnail","hentry","category-uncategorized"],"aioseo_notices":[],"_links":{"self":[{"href":"https:\/\/estado29.mx\/index.php?rest_route=\/wp\/v2\/posts\/87267","targetHints":{"allow":["GET"]}}],"collection":[{"href":"https:\/\/estado29.mx\/index.php?rest_route=\/wp\/v2\/posts"}],"about":[{"href":"https:\/\/estado29.mx\/index.php?rest_route=\/wp\/v2\/types\/post"}],"author":[{"embeddable":true,"href":"https:\/\/estado29.mx\/index.php?rest_route=\/wp\/v2\/users\/7"}],"replies":[{"embeddable":true,"href":"https:\/\/estado29.mx\/index.php?rest_route=%2Fwp%2Fv2%2Fcomments&post=87267"}],"version-history":[{"count":1,"href":"https:\/\/estado29.mx\/index.php?rest_route=\/wp\/v2\/posts\/87267\/revisions"}],"predecessor-version":[{"id":87268,"href":"https:\/\/estado29.mx\/index.php?rest_route=\/wp\/v2\/posts\/87267\/revisions\/87268"}],"wp:featuredmedia":[{"embeddable":true,"href":"https:\/\/estado29.mx\/index.php?rest_route=\/wp\/v2\/media\/86879"}],"wp:attachment":[{"href":"https:\/\/estado29.mx\/index.php?rest_route=%2Fwp%2Fv2%2Fmedia&parent=87267"}],"wp:term":[{"taxonomy":"category","embeddable":true,"href":"https:\/\/estado29.mx\/index.php?rest_route=%2Fwp%2Fv2%2Fcategories&post=87267"},{"taxonomy":"post_tag","embeddable":true,"href":"https:\/\/estado29.mx\/index.php?rest_route=%2Fwp%2Fv2%2Ftags&post=87267"}],"curies":[{"name":"wp","href":"https:\/\/api.w.org\/{rel}","templated":true}]}}