{"id":87271,"date":"2023-07-14T18:58:59","date_gmt":"2023-07-14T18:58:59","guid":{"rendered":"https:\/\/estado29.mx\/?p=87271"},"modified":"2023-07-14T18:59:01","modified_gmt":"2023-07-14T18:59:01","slug":"realizan-en-evento-de-jovenes-de-tequexquitla-y-la-cultura","status":"publish","type":"post","link":"https:\/\/estado29.mx\/?p=87271","title":{"rendered":"Realizan en evento de j\u00f3venes de Tequexquitla y la Cultura."},"content":{"rendered":"\n<p>Este viernes 14 de julio del a\u00f1o en curso, se llevar\u00e1 a cabo, en el Municipio de El Carmen Tequexquitla, el evento denominado \u201cJuventud Tequexquitlense y la Cultura\u201d, en dicho evento, participar\u00e1n j\u00f3venes originarios del lugar, de diferentes instituciones educativas.<\/p>\n\n\n\n<p><br>El evento tendr\u00e1 como hora de inicio, las dos de la tarde del d\u00eda de hoy, en el andador municipal, en donde habr\u00e1 exposiciones art\u00edsticas y culturales.<\/p>\n\n\n\n<p><br>Durante el desarrollo de evento, la ciudadan\u00eda, tendr\u00e1 la oportunidad de ser part\u00edcipe de las actividades que se realice.<br>Cabe resaltar que estos eventos, est\u00e1n dentro del marco de la Expo Feria Tequexquitla 2023, en honor a la Virgen del Carmen.<\/p>\n\n\n<figure class=\"wp-block-post-featured-image\"><img loading=\"lazy\" decoding=\"async\" width=\"590\" height=\"768\" src=\"https:\/\/estado29.mx\/wp-content\/uploads\/2023\/07\/FB_IMG_1689359920338.jpg\" class=\"attachment-post-thumbnail size-post-thumbnail wp-post-image\" alt=\"\" style=\"object-fit:cover;\" srcset=\"https:\/\/estado29.mx\/wp-content\/uploads\/2023\/07\/FB_IMG_1689359920338.jpg 590w, https:\/\/estado29.mx\/wp-content\/uploads\/2023\/07\/FB_IMG_1689359920338-230x300.jpg 230w\" sizes=\"auto, (max-width: 590px) 100vw, 590px\" \/><\/figure>","protected":false},"excerpt":{"rendered":"<p>Este viernes 14 de julio del a\u00f1o en curso, se llevar\u00e1 a cabo, en el Municipio de El Carmen Tequexquitla, el evento denominado \u201cJuventud Tequexquitlense y la Cultura\u201d, en dicho evento, participar\u00e1n j\u00f3venes originarios del lugar, de diferentes instituciones educativas. El evento tendr\u00e1 como hora de inicio, las dos de la tarde del d\u00eda de [&hellip;]<\/p>\n","protected":false},"author":7,"featured_media":87272,"comment_status":"open","ping_status":"open","sticky":false,"template":"","format":"standard","meta":{"om_disable_all_campaigns":false,"_monsterinsights_skip_tracking":false,"_monsterinsights_sitenote_active":false,"_monsterinsights_sitenote_note":"","_monsterinsights_sitenote_category":0,"jnews-multi-image_gallery":[],"jnews_single_post":[],"jnews_primary_category":[],"footnotes":""},"categories":[1],"tags":[],"class_list":["post-87271","post","type-post","status-publish","format-standard","has-post-thumbnail","hentry","category-uncategorized"],"aioseo_notices":[],"_links":{"self":[{"href":"https:\/\/estado29.mx\/index.php?rest_route=\/wp\/v2\/posts\/87271","targetHints":{"allow":["GET"]}}],"collection":[{"href":"https:\/\/estado29.mx\/index.php?rest_route=\/wp\/v2\/posts"}],"about":[{"href":"https:\/\/estado29.mx\/index.php?rest_route=\/wp\/v2\/types\/post"}],"author":[{"embeddable":true,"href":"https:\/\/estado29.mx\/index.php?rest_route=\/wp\/v2\/users\/7"}],"replies":[{"embeddable":true,"href":"https:\/\/estado29.mx\/index.php?rest_route=%2Fwp%2Fv2%2Fcomments&post=87271"}],"version-history":[{"count":1,"href":"https:\/\/estado29.mx\/index.php?rest_route=\/wp\/v2\/posts\/87271\/revisions"}],"predecessor-version":[{"id":87273,"href":"https:\/\/estado29.mx\/index.php?rest_route=\/wp\/v2\/posts\/87271\/revisions\/87273"}],"wp:featuredmedia":[{"embeddable":true,"href":"https:\/\/estado29.mx\/index.php?rest_route=\/wp\/v2\/media\/87272"}],"wp:attachment":[{"href":"https:\/\/estado29.mx\/index.php?rest_route=%2Fwp%2Fv2%2Fmedia&parent=87271"}],"wp:term":[{"taxonomy":"category","embeddable":true,"href":"https:\/\/estado29.mx\/index.php?rest_route=%2Fwp%2Fv2%2Fcategories&post=87271"},{"taxonomy":"post_tag","embeddable":true,"href":"https:\/\/estado29.mx\/index.php?rest_route=%2Fwp%2Fv2%2Ftags&post=87271"}],"curies":[{"name":"wp","href":"https:\/\/api.w.org\/{rel}","templated":true}]}}