{"id":87312,"date":"2023-07-20T18:21:24","date_gmt":"2023-07-20T18:21:24","guid":{"rendered":"https:\/\/estado29.mx\/?p=87312"},"modified":"2023-07-20T18:21:26","modified_gmt":"2023-07-20T18:21:26","slug":"anuncia-lorena-cuellar-adquisicion-del-cescat-para-instalar-central-de-abastos-en-huamantla","status":"publish","type":"post","link":"https:\/\/estado29.mx\/?p=87312","title":{"rendered":"Anuncia Lorena Cu\u00e9llar adquisici\u00f3n del Cescat para instalar central de abastos en Huamantla"},"content":{"rendered":"\n<p>ManuelRojas.- Durante la entrega de apoyos para el impulso y mecanizaci\u00f3n del campo Tlaxcalteca, que se llev\u00f3 a cabo este mi\u00e9rcoles 19 de Julio en el Centro C\u00edvico de la ciudad de Huamantla, la gobernadora de Tlaxcala, Lorena Cu\u00e9llar Cisneros, hizo un importante anuncio que sorprendi\u00f3 a los m\u00e1s de dos mil 500 productores que asistieron al evento.<\/p>\n\n\n\n<p>Se trata de la adquisici\u00f3n de las 16 hect\u00e1reas de terreno que se ubican a un costado del bulevar Juan Pablo II, en la ciudad de Huamantla, lugar conocido como el CESCAT, creado hace m\u00e1s de 20 a\u00f1os, y que de acuerdo por lo dicho por la Gobernadora de Tlaxcala, gracias al apoyo del Presidente de M\u00e9xico, Andr\u00e9s Manuel L\u00f3pez Obrador, fue que se ha hecho realidad que este lugar sea propiedad del Gobierno del Estado.<\/p>\n\n\n\n<p>La Gobernadora de Tlaxcala dijo que aunque faltan las escrituras, las que se har\u00e1n con prontitud, el prop\u00f3sito, es que en este sitio se construya una central de abastos y hasta una central camionera, que ser\u00e1 de gran beneficio para Huamantla y para la zona oriente del Estado.<\/p>\n\n\n\n<p>Relat\u00f3 que su llegada al evento de entrega de apoyos a productores del campo se retrazo precisamente debido a que estaba en conferencia detallando la adquisici\u00f3n, que fue un compromiso del Presidente de M\u00e9xico durante una de sus visitas a la ciudad de Huamantla.<\/p>\n","protected":false},"excerpt":{"rendered":"<p>ManuelRojas.- Durante la entrega de apoyos para el impulso y mecanizaci\u00f3n del campo Tlaxcalteca, que se llev\u00f3 a cabo este mi\u00e9rcoles 19 de Julio en el Centro C\u00edvico de la ciudad de Huamantla, la gobernadora de Tlaxcala, Lorena Cu\u00e9llar Cisneros, hizo un importante anuncio que sorprendi\u00f3 a los m\u00e1s de dos mil 500 productores que [&hellip;]<\/p>\n","protected":false},"author":4,"featured_media":87313,"comment_status":"open","ping_status":"open","sticky":false,"template":"","format":"standard","meta":{"om_disable_all_campaigns":false,"_monsterinsights_skip_tracking":false,"_monsterinsights_sitenote_active":false,"_monsterinsights_sitenote_note":"","_monsterinsights_sitenote_category":0,"jnews-multi-image_gallery":[],"jnews_single_post":{"subtitle":"","format":"standard","video":"","gallery":"","source_name":"","source_url":"","via_name":"","via_url":"","override_template":"0","override":[{"template":"1","single_blog_custom":"","parallax":"1","fullscreen":"1","layout":"right-sidebar","sidebar":"default-sidebar","second_sidebar":"default-sidebar","sticky_sidebar":"1","share_position":"top","share_float_style":"share-monocrhome","show_share_counter":"1","show_view_counter":"1","show_featured":"1","show_post_meta":"1","show_post_author":"1","show_post_author_image":"1","show_post_date":"1","post_date_format":"default","post_date_format_custom":"Y\/m\/d","show_post_category":"1","show_post_reading_time":"0","post_reading_time_wpm":"300","show_zoom_button":"0","zoom_button_out_step":"2","zoom_button_in_step":"3","show_post_tag":"1","show_prev_next_post":"1","show_popup_post":"1","number_popup_post":"1","show_author_box":"1","show_post_related":"0","show_inline_post_related":"0"}],"override_image_size":"0","image_override":[{"single_post_thumbnail_size":"crop-500","single_post_gallery_size":"crop-500"}],"trending_post":"0","trending_post_position":"meta","trending_post_label":"Trending","sponsored_post":"0","sponsored_post_label":"Sponsored by","sponsored_post_name":"","sponsored_post_url":"","sponsored_post_logo_enable":"0","sponsored_post_logo":"","sponsored_post_desc":"","disable_ad":"0"},"jnews_primary_category":{"id":""},"footnotes":""},"categories":[43,52,47],"tags":[1277,150,99,110,96],"class_list":["post-87312","post","type-post","status-publish","format-standard","has-post-thumbnail","hentry","category-estado","category-gobierno-de-tlaxcala","category-municipios","tag-cescat","tag-gobierno-del-estado","tag-huamantla","tag-municipios","tag-tlaxcala"],"aioseo_notices":[],"_links":{"self":[{"href":"https:\/\/estado29.mx\/index.php?rest_route=\/wp\/v2\/posts\/87312","targetHints":{"allow":["GET"]}}],"collection":[{"href":"https:\/\/estado29.mx\/index.php?rest_route=\/wp\/v2\/posts"}],"about":[{"href":"https:\/\/estado29.mx\/index.php?rest_route=\/wp\/v2\/types\/post"}],"author":[{"embeddable":true,"href":"https:\/\/estado29.mx\/index.php?rest_route=\/wp\/v2\/users\/4"}],"replies":[{"embeddable":true,"href":"https:\/\/estado29.mx\/index.php?rest_route=%2Fwp%2Fv2%2Fcomments&post=87312"}],"version-history":[{"count":1,"href":"https:\/\/estado29.mx\/index.php?rest_route=\/wp\/v2\/posts\/87312\/revisions"}],"predecessor-version":[{"id":87314,"href":"https:\/\/estado29.mx\/index.php?rest_route=\/wp\/v2\/posts\/87312\/revisions\/87314"}],"wp:featuredmedia":[{"embeddable":true,"href":"https:\/\/estado29.mx\/index.php?rest_route=\/wp\/v2\/media\/87313"}],"wp:attachment":[{"href":"https:\/\/estado29.mx\/index.php?rest_route=%2Fwp%2Fv2%2Fmedia&parent=87312"}],"wp:term":[{"taxonomy":"category","embeddable":true,"href":"https:\/\/estado29.mx\/index.php?rest_route=%2Fwp%2Fv2%2Fcategories&post=87312"},{"taxonomy":"post_tag","embeddable":true,"href":"https:\/\/estado29.mx\/index.php?rest_route=%2Fwp%2Fv2%2Ftags&post=87312"}],"curies":[{"name":"wp","href":"https:\/\/api.w.org\/{rel}","templated":true}]}}